{"id":8305,"date":"2024-10-02T13:11:47","date_gmt":"2024-10-02T13:11:47","guid":{"rendered":"https:\/\/afriquecreative.fr\/?p=8305"},"modified":"2024-10-02T13:18:43","modified_gmt":"2024-10-02T13:18:43","slug":"back-to-bootcamp-1","status":"publish","type":"post","link":"http:\/\/afriquecreative.fr\/en\/retour-sur-le-bootcamp-1\/","title":{"rendered":"Back to Bootcamp 1"},"content":{"rendered":"<p><strong><mark style=\"background-color:rgba(0, 0, 0, 0)\" class=\"has-inline-color has-central-palette-1-color\">From September 17 to 19, 2024, the winners of the 3rd edition of Afrique Cr\u00e9ative participated in the first online bootcamp, dedicated to strengthening economic models and creative innovation.\u00a0<\/mark><\/strong><\/p>\n\n\n\n<p>For 3 days, the entrepreneurs followed a tailor-made program, developed by the Africalia team in collaboration with our partners I&amp;P, Zhu Culture, Bayimba and Tshimologong.&nbsp;&nbsp;<\/p>\n\n\n\n<p>This bootcamp combined inspiring conferences, collective reflection sessions, group exercises and speed-dating moments, allowing everyone to learn, be inspired, exchange and think differently (\u201coutside the box\u201d).&nbsp;&nbsp;<\/p>\n\n\n\n<p><mark style=\"background-color:rgba(0, 0, 0, 0)\" class=\"has-inline-color has-central-palette-1-color\"><strong>What program?<\/strong>&nbsp;<\/mark><\/p>\n\n\n\n<ul class=\"wp-block-list\">\n<li>There <strong>first day<\/strong>, hosted by I&amp;P, was dedicated to the <strong>business model <\/strong>and to <strong>financial projections.<\/strong> Participants were asked to reflect on their financial model and observe the impact of their choices on the company&#039;s overall results.\u00a0<\/li>\n<\/ul>\n\n\n\n<ul class=\"wp-block-list\">\n<li>There <strong>second day<\/strong>, orchestrated by Zhu Culture and Bayimba, highlighted the importance of the <strong>creativity <\/strong>and of the<strong>&#039;innovation <\/strong>to enrich business models. Discussions also focused on protecting intellectual property to maximize company revenues. Participants exchanged ideas on their creative offerings and strategies to innovate and stand out in their respective sectors.\u00a0<\/li>\n<\/ul>\n\n\n\n<ul class=\"wp-block-list\">\n<li>There <strong>third day<\/strong>, under the coordination of Tshimologong, explored the <strong>world of digital innovation <\/strong>and the <strong>branding strategies<\/strong>. <a href=\"https:\/\/www.instagram.com\/friendsandfamilyagency_\/\" target=\"_blank\" rel=\"noreferrer noopener\">Ryan Feeke-Fortune<\/a> highlighted the importance of human connections and the impact of communities in building impactful brands. <a href=\"https:\/\/carlywhitaker.co.za\/about\/\" target=\"_blank\" rel=\"noreferrer noopener\">Carly Whitaker<\/a> then led a collaborative workshop, inviting entrepreneurs to reflect on the integration of digital into their creative projects.\u00a0<\/li>\n<\/ul>\n\n\n\n<p><\/p>\n\n\n\n<p><strong><mark style=\"background-color:rgba(0, 0, 0, 0)\" class=\"has-inline-color has-central-palette-1-color\">What is the assessment?<\/mark><\/strong>&nbsp;<\/p>\n\n\n\n<p>This first bootcamp aimed to encourage participants to think outside the box and explore new perspectives to innovate and rethink their business strategies.&nbsp;&nbsp;&nbsp;<\/p>\n\n\n\n<p>The many friendly moments and speed-dating sessions reinforced the feeling of belonging to a community of peers sharing the same ambitions and challenges. It was an opportunity for our entrepreneurs to exchange about their experiences, identify opportunities for collaboration and build strong ties for the future.&nbsp;<\/p>\n\n\n\n<p><\/p>\n\n\n\n<p><mark style=\"background-color:rgba(0, 0, 0, 0)\" class=\"has-inline-color has-central-palette-1-color\"><strong>And after?&nbsp;<\/strong>&nbsp;<\/mark><\/p>\n\n\n\n<p>Participants leave feeling re-energized and motivated to develop their businesses and continue their incubation journey with Afrique Cr\u00e9ative.&nbsp;&nbsp;<\/p>\n\n\n\n<p>Next steps include the start of creative mentoring and continued support from local incubators.&nbsp;&nbsp;<\/p>\n\n\n\n<p><strong><a href=\"https:\/\/afriquecreative.fr\/en\/2023-africa-creative-talent-partner\/entrepreneurs-2023\/\" target=\"_blank\" rel=\"noopener noreferrer nofollow\">Learn more about the 15 companies in this third edition &gt;&gt;&gt;<\/a><\/strong><\/p>\n\n\n\n<p><\/p>","protected":false},"excerpt":{"rendered":"<p>Du 17 au 19 septembre 2024, les laur\u00e9at\u00b7e\u00b7s de la 3\u00e8me \u00e9dition d\u2019Afrique Cr\u00e9ative ont particip\u00e9 au premier bootcamp en ligne, d\u00e9di\u00e9 au renforcement des mod\u00e8les \u00e9conomiques et \u00e0 l\u2019innovation cr\u00e9ative.\u00a0 Pendant 3 jours, les entrepreneur\u00b7e\u00b7s ont suivi un programme sur mesure, d\u00e9velopp\u00e9 par l\u2019\u00e9quipe d\u2019Africalia en collaboration avec nos partenaires I&amp;P, Zhu Culture, Bayimba [&hellip;]<\/p>\n","protected":false},"author":6,"featured_media":8313,"comment_status":"closed","ping_status":"closed","sticky":false,"template":"","format":"standard","meta":{"_acf_changed":false,"footnotes":""},"categories":[15],"tags":[181],"class_list":["post-8305","post","type-post","status-publish","format-standard","has-post-thumbnail","hentry","category-news","tag-181"],"acf":[],"yoast_head":"<!-- This site is optimized with the Yoast SEO plugin v27.4 - https:\/\/yoast.com\/product\/yoast-seo-wordpress\/ -->\n<title>Retour sur le Bootcamp 1 - Afrique cr\u00e9ative<\/title>\n<meta name=\"robots\" content=\"index, follow, max-snippet:-1, max-image-preview:large, max-video-preview:-1\" \/>\n<link rel=\"canonical\" href=\"https:\/\/afriquecreative.fr\/en\/back-to-bootcamp-1\/\" \/>\n<meta property=\"og:locale\" content=\"en_GB\" \/>\n<meta property=\"og:type\" content=\"article\" \/>\n<meta property=\"og:title\" content=\"Retour sur le Bootcamp 1 - Afrique cr\u00e9ative\" \/>\n<meta property=\"og:description\" content=\"Du 17 au 19 septembre 2024, les laur\u00e9at\u00b7e\u00b7s de la 3\u00e8me \u00e9dition d\u2019Afrique Cr\u00e9ative ont particip\u00e9 au premier bootcamp en ligne, d\u00e9di\u00e9 au renforcement des mod\u00e8les \u00e9conomiques et \u00e0 l\u2019innovation cr\u00e9ative.\u00a0 Pendant 3 jours, les entrepreneur\u00b7e\u00b7s ont suivi un programme sur mesure, d\u00e9velopp\u00e9 par l\u2019\u00e9quipe d\u2019Africalia en collaboration avec nos partenaires I&amp;P, Zhu Culture, Bayimba [&hellip;]\" \/>\n<meta property=\"og:url\" content=\"https:\/\/afriquecreative.fr\/en\/back-to-bootcamp-1\/\" \/>\n<meta property=\"og:site_name\" content=\"Afrique cr\u00e9ative\" \/>\n<meta property=\"article:publisher\" content=\"https:\/\/www.facebook.com\/afriquecreative\/\" \/>\n<meta property=\"article:published_time\" content=\"2024-10-02T13:11:47+00:00\" \/>\n<meta property=\"article:modified_time\" content=\"2024-10-02T13:18:43+00:00\" \/>\n<meta property=\"og:image\" content=\"https:\/\/afriquecreative.fr\/wp-content\/uploads\/2024\/10\/Preincubation-elearning-4.jpg\" \/>\n\t<meta property=\"og:image:width\" content=\"1080\" \/>\n\t<meta property=\"og:image:height\" content=\"1080\" \/>\n\t<meta property=\"og:image:type\" content=\"image\/jpeg\" \/>\n<meta name=\"author\" content=\"Africalia asbl\" \/>\n<meta name=\"twitter:card\" content=\"summary_large_image\" \/>\n<meta name=\"twitter:creator\" content=\"@Banlieues\" \/>\n<meta name=\"twitter:label1\" content=\"Written by\" \/>\n\t<meta name=\"twitter:data1\" content=\"Africalia asbl\" \/>\n\t<meta name=\"twitter:label2\" content=\"Estimated reading time\" \/>\n\t<meta name=\"twitter:data2\" content=\"3 minutes\" \/>\n<script type=\"application\/ld+json\" class=\"yoast-schema-graph\">{\"@context\":\"https:\\\/\\\/schema.org\",\"@graph\":[{\"@type\":\"Article\",\"@id\":\"https:\\\/\\\/afriquecreative.fr\\\/retour-sur-le-bootcamp-1\\\/#article\",\"isPartOf\":{\"@id\":\"https:\\\/\\\/afriquecreative.fr\\\/retour-sur-le-bootcamp-1\\\/\"},\"author\":{\"name\":\"Africalia asbl\",\"@id\":\"http:\\\/\\\/afriquecreative.fr\\\/#\\\/schema\\\/person\\\/947368a1408af61ec528c7f96a1771a0\"},\"headline\":\"Retour sur le Bootcamp 1\",\"datePublished\":\"2024-10-02T13:11:47+00:00\",\"dateModified\":\"2024-10-02T13:18:43+00:00\",\"mainEntityOfPage\":{\"@id\":\"https:\\\/\\\/afriquecreative.fr\\\/retour-sur-le-bootcamp-1\\\/\"},\"wordCount\":489,\"publisher\":{\"@id\":\"http:\\\/\\\/afriquecreative.fr\\\/#organization\"},\"image\":{\"@id\":\"https:\\\/\\\/afriquecreative.fr\\\/retour-sur-le-bootcamp-1\\\/#primaryimage\"},\"thumbnailUrl\":\"https:\\\/\\\/afriquecreative.fr\\\/wp-content\\\/uploads\\\/2024\\\/10\\\/Preincubation-elearning-4.jpg\",\"keywords\":[\"2023\"],\"articleSection\":[\"Actualit\u00e9s\"],\"inLanguage\":\"en-GB\"},{\"@type\":\"WebPage\",\"@id\":\"https:\\\/\\\/afriquecreative.fr\\\/retour-sur-le-bootcamp-1\\\/\",\"url\":\"https:\\\/\\\/afriquecreative.fr\\\/retour-sur-le-bootcamp-1\\\/\",\"name\":\"Retour sur le Bootcamp 1 - Afrique cr\u00e9ative\",\"isPartOf\":{\"@id\":\"http:\\\/\\\/afriquecreative.fr\\\/#website\"},\"primaryImageOfPage\":{\"@id\":\"https:\\\/\\\/afriquecreative.fr\\\/retour-sur-le-bootcamp-1\\\/#primaryimage\"},\"image\":{\"@id\":\"https:\\\/\\\/afriquecreative.fr\\\/retour-sur-le-bootcamp-1\\\/#primaryimage\"},\"thumbnailUrl\":\"https:\\\/\\\/afriquecreative.fr\\\/wp-content\\\/uploads\\\/2024\\\/10\\\/Preincubation-elearning-4.jpg\",\"datePublished\":\"2024-10-02T13:11:47+00:00\",\"dateModified\":\"2024-10-02T13:18:43+00:00\",\"breadcrumb\":{\"@id\":\"https:\\\/\\\/afriquecreative.fr\\\/retour-sur-le-bootcamp-1\\\/#breadcrumb\"},\"inLanguage\":\"en-GB\",\"potentialAction\":[{\"@type\":\"ReadAction\",\"target\":[\"https:\\\/\\\/afriquecreative.fr\\\/retour-sur-le-bootcamp-1\\\/\"]}]},{\"@type\":\"ImageObject\",\"inLanguage\":\"en-GB\",\"@id\":\"https:\\\/\\\/afriquecreative.fr\\\/retour-sur-le-bootcamp-1\\\/#primaryimage\",\"url\":\"https:\\\/\\\/afriquecreative.fr\\\/wp-content\\\/uploads\\\/2024\\\/10\\\/Preincubation-elearning-4.jpg\",\"contentUrl\":\"https:\\\/\\\/afriquecreative.fr\\\/wp-content\\\/uploads\\\/2024\\\/10\\\/Preincubation-elearning-4.jpg\",\"width\":1080,\"height\":1080},{\"@type\":\"BreadcrumbList\",\"@id\":\"https:\\\/\\\/afriquecreative.fr\\\/retour-sur-le-bootcamp-1\\\/#breadcrumb\",\"itemListElement\":[{\"@type\":\"ListItem\",\"position\":1,\"name\":\"Accueil\",\"item\":\"http:\\\/\\\/afriquecreative.fr\\\/\"},{\"@type\":\"ListItem\",\"position\":2,\"name\":\"Retour sur le Bootcamp 1\"}]},{\"@type\":\"WebSite\",\"@id\":\"http:\\\/\\\/afriquecreative.fr\\\/#website\",\"url\":\"http:\\\/\\\/afriquecreative.fr\\\/\",\"name\":\"Afrique cr\u00e9ative\",\"description\":\"Partenaire de talents\",\"publisher\":{\"@id\":\"http:\\\/\\\/afriquecreative.fr\\\/#organization\"},\"potentialAction\":[{\"@type\":\"SearchAction\",\"target\":{\"@type\":\"EntryPoint\",\"urlTemplate\":\"http:\\\/\\\/afriquecreative.fr\\\/?s={search_term_string}\"},\"query-input\":{\"@type\":\"PropertyValueSpecification\",\"valueRequired\":true,\"valueName\":\"search_term_string\"}}],\"inLanguage\":\"en-GB\"},{\"@type\":\"Organization\",\"@id\":\"http:\\\/\\\/afriquecreative.fr\\\/#organization\",\"name\":\"Afrique Cr\u00e9ative\",\"url\":\"http:\\\/\\\/afriquecreative.fr\\\/\",\"logo\":{\"@type\":\"ImageObject\",\"inLanguage\":\"en-GB\",\"@id\":\"http:\\\/\\\/afriquecreative.fr\\\/#\\\/schema\\\/logo\\\/image\\\/\",\"url\":\"https:\\\/\\\/afriquecreative.fr\\\/wp-content\\\/uploads\\\/2021\\\/04\\\/logo-lg.svg\",\"contentUrl\":\"https:\\\/\\\/afriquecreative.fr\\\/wp-content\\\/uploads\\\/2021\\\/04\\\/logo-lg.svg\",\"width\":1,\"height\":1,\"caption\":\"Afrique Cr\u00e9ative\"},\"image\":{\"@id\":\"http:\\\/\\\/afriquecreative.fr\\\/#\\\/schema\\\/logo\\\/image\\\/\"},\"sameAs\":[\"https:\\\/\\\/www.facebook.com\\\/afriquecreative\\\/\",\"https:\\\/\\\/www.instagram.com\\\/afrique.creative\\\/?hl=en\"]},{\"@type\":\"Person\",\"@id\":\"http:\\\/\\\/afriquecreative.fr\\\/#\\\/schema\\\/person\\\/947368a1408af61ec528c7f96a1771a0\",\"name\":\"Africalia asbl\",\"image\":{\"@type\":\"ImageObject\",\"inLanguage\":\"en-GB\",\"@id\":\"https:\\\/\\\/secure.gravatar.com\\\/avatar\\\/1834c043fa4057630f98430888fadf5d2bed443c0bccb88881edc2173dfa1e36?s=96&d=mm&r=g\",\"url\":\"https:\\\/\\\/secure.gravatar.com\\\/avatar\\\/1834c043fa4057630f98430888fadf5d2bed443c0bccb88881edc2173dfa1e36?s=96&d=mm&r=g\",\"contentUrl\":\"https:\\\/\\\/secure.gravatar.com\\\/avatar\\\/1834c043fa4057630f98430888fadf5d2bed443c0bccb88881edc2173dfa1e36?s=96&d=mm&r=g\",\"caption\":\"Africalia asbl\"},\"sameAs\":[\"https:\\\/\\\/x.com\\\/Banlieues\"],\"url\":\"http:\\\/\\\/afriquecreative.fr\\\/en\\\/author\\\/paolo-zanicchiafricalia-be\\\/\"}]}<\/script>\n<!-- \/ Yoast SEO plugin. -->","yoast_head_json":{"title":"Back to Bootcamp 1 - Creative Africa","robots":{"index":"index","follow":"follow","max-snippet":"max-snippet:-1","max-image-preview":"max-image-preview:large","max-video-preview":"max-video-preview:-1"},"canonical":"https:\/\/afriquecreative.fr\/en\/back-to-bootcamp-1\/","og_locale":"en_GB","og_type":"article","og_title":"Retour sur le Bootcamp 1 - Afrique cr\u00e9ative","og_description":"Du 17 au 19 septembre 2024, les laur\u00e9at\u00b7e\u00b7s de la 3\u00e8me \u00e9dition d\u2019Afrique Cr\u00e9ative ont particip\u00e9 au premier bootcamp en ligne, d\u00e9di\u00e9 au renforcement des mod\u00e8les \u00e9conomiques et \u00e0 l\u2019innovation cr\u00e9ative.\u00a0 Pendant 3 jours, les entrepreneur\u00b7e\u00b7s ont suivi un programme sur mesure, d\u00e9velopp\u00e9 par l\u2019\u00e9quipe d\u2019Africalia en collaboration avec nos partenaires I&amp;P, Zhu Culture, Bayimba [&hellip;]","og_url":"https:\/\/afriquecreative.fr\/en\/back-to-bootcamp-1\/","og_site_name":"Afrique cr\u00e9ative","article_publisher":"https:\/\/www.facebook.com\/afriquecreative\/","article_published_time":"2024-10-02T13:11:47+00:00","article_modified_time":"2024-10-02T13:18:43+00:00","og_image":[{"width":1080,"height":1080,"url":"https:\/\/afriquecreative.fr\/wp-content\/uploads\/2024\/10\/Preincubation-elearning-4.jpg","type":"image\/jpeg"}],"author":"Africalia asbl","twitter_card":"summary_large_image","twitter_creator":"@Banlieues","twitter_misc":{"Written by":"Africalia asbl","Estimated reading time":"3 minutes"},"schema":{"@context":"https:\/\/schema.org","@graph":[{"@type":"Article","@id":"https:\/\/afriquecreative.fr\/retour-sur-le-bootcamp-1\/#article","isPartOf":{"@id":"https:\/\/afriquecreative.fr\/retour-sur-le-bootcamp-1\/"},"author":{"name":"Africalia asbl","@id":"http:\/\/afriquecreative.fr\/#\/schema\/person\/947368a1408af61ec528c7f96a1771a0"},"headline":"Retour sur le Bootcamp 1","datePublished":"2024-10-02T13:11:47+00:00","dateModified":"2024-10-02T13:18:43+00:00","mainEntityOfPage":{"@id":"https:\/\/afriquecreative.fr\/retour-sur-le-bootcamp-1\/"},"wordCount":489,"publisher":{"@id":"http:\/\/afriquecreative.fr\/#organization"},"image":{"@id":"https:\/\/afriquecreative.fr\/retour-sur-le-bootcamp-1\/#primaryimage"},"thumbnailUrl":"https:\/\/afriquecreative.fr\/wp-content\/uploads\/2024\/10\/Preincubation-elearning-4.jpg","keywords":["2023"],"articleSection":["Actualit\u00e9s"],"inLanguage":"en-GB"},{"@type":"WebPage","@id":"https:\/\/afriquecreative.fr\/retour-sur-le-bootcamp-1\/","url":"https:\/\/afriquecreative.fr\/retour-sur-le-bootcamp-1\/","name":"Back to Bootcamp 1 - Creative Africa","isPartOf":{"@id":"http:\/\/afriquecreative.fr\/#website"},"primaryImageOfPage":{"@id":"https:\/\/afriquecreative.fr\/retour-sur-le-bootcamp-1\/#primaryimage"},"image":{"@id":"https:\/\/afriquecreative.fr\/retour-sur-le-bootcamp-1\/#primaryimage"},"thumbnailUrl":"https:\/\/afriquecreative.fr\/wp-content\/uploads\/2024\/10\/Preincubation-elearning-4.jpg","datePublished":"2024-10-02T13:11:47+00:00","dateModified":"2024-10-02T13:18:43+00:00","breadcrumb":{"@id":"https:\/\/afriquecreative.fr\/retour-sur-le-bootcamp-1\/#breadcrumb"},"inLanguage":"en-GB","potentialAction":[{"@type":"ReadAction","target":["https:\/\/afriquecreative.fr\/retour-sur-le-bootcamp-1\/"]}]},{"@type":"ImageObject","inLanguage":"en-GB","@id":"https:\/\/afriquecreative.fr\/retour-sur-le-bootcamp-1\/#primaryimage","url":"https:\/\/afriquecreative.fr\/wp-content\/uploads\/2024\/10\/Preincubation-elearning-4.jpg","contentUrl":"https:\/\/afriquecreative.fr\/wp-content\/uploads\/2024\/10\/Preincubation-elearning-4.jpg","width":1080,"height":1080},{"@type":"BreadcrumbList","@id":"https:\/\/afriquecreative.fr\/retour-sur-le-bootcamp-1\/#breadcrumb","itemListElement":[{"@type":"ListItem","position":1,"name":"Accueil","item":"http:\/\/afriquecreative.fr\/"},{"@type":"ListItem","position":2,"name":"Retour sur le Bootcamp 1"}]},{"@type":"WebSite","@id":"http:\/\/afriquecreative.fr\/#website","url":"http:\/\/afriquecreative.fr\/","name":"Creative Africa","description":"Talent Partner","publisher":{"@id":"http:\/\/afriquecreative.fr\/#organization"},"potentialAction":[{"@type":"SearchAction","target":{"@type":"EntryPoint","urlTemplate":"http:\/\/afriquecreative.fr\/?s={search_term_string}"},"query-input":{"@type":"PropertyValueSpecification","valueRequired":true,"valueName":"search_term_string"}}],"inLanguage":"en-GB"},{"@type":"Organization","@id":"http:\/\/afriquecreative.fr\/#organization","name":"Creative Africa","url":"http:\/\/afriquecreative.fr\/","logo":{"@type":"ImageObject","inLanguage":"en-GB","@id":"http:\/\/afriquecreative.fr\/#\/schema\/logo\/image\/","url":"https:\/\/afriquecreative.fr\/wp-content\/uploads\/2021\/04\/logo-lg.svg","contentUrl":"https:\/\/afriquecreative.fr\/wp-content\/uploads\/2021\/04\/logo-lg.svg","width":1,"height":1,"caption":"Afrique Cr\u00e9ative"},"image":{"@id":"http:\/\/afriquecreative.fr\/#\/schema\/logo\/image\/"},"sameAs":["https:\/\/www.facebook.com\/afriquecreative\/","https:\/\/www.instagram.com\/afrique.creative\/?hl=en"]},{"@type":"Person","@id":"http:\/\/afriquecreative.fr\/#\/schema\/person\/947368a1408af61ec528c7f96a1771a0","name":"Africalia asbl","image":{"@type":"ImageObject","inLanguage":"en-GB","@id":"https:\/\/secure.gravatar.com\/avatar\/1834c043fa4057630f98430888fadf5d2bed443c0bccb88881edc2173dfa1e36?s=96&d=mm&r=g","url":"https:\/\/secure.gravatar.com\/avatar\/1834c043fa4057630f98430888fadf5d2bed443c0bccb88881edc2173dfa1e36?s=96&d=mm&r=g","contentUrl":"https:\/\/secure.gravatar.com\/avatar\/1834c043fa4057630f98430888fadf5d2bed443c0bccb88881edc2173dfa1e36?s=96&d=mm&r=g","caption":"Africalia asbl"},"sameAs":["https:\/\/x.com\/Banlieues"],"url":"http:\/\/afriquecreative.fr\/en\/author\/paolo-zanicchiafricalia-be\/"}]}},"_links":{"self":[{"href":"http:\/\/afriquecreative.fr\/en\/wp-json\/wp\/v2\/posts\/8305","targetHints":{"allow":["GET"]}}],"collection":[{"href":"http:\/\/afriquecreative.fr\/en\/wp-json\/wp\/v2\/posts"}],"about":[{"href":"http:\/\/afriquecreative.fr\/en\/wp-json\/wp\/v2\/types\/post"}],"author":[{"embeddable":true,"href":"http:\/\/afriquecreative.fr\/en\/wp-json\/wp\/v2\/users\/6"}],"replies":[{"embeddable":true,"href":"http:\/\/afriquecreative.fr\/en\/wp-json\/wp\/v2\/comments?post=8305"}],"version-history":[{"count":0,"href":"http:\/\/afriquecreative.fr\/en\/wp-json\/wp\/v2\/posts\/8305\/revisions"}],"wp:featuredmedia":[{"embeddable":true,"href":"http:\/\/afriquecreative.fr\/en\/wp-json\/wp\/v2\/media\/8313"}],"wp:attachment":[{"href":"http:\/\/afriquecreative.fr\/en\/wp-json\/wp\/v2\/media?parent=8305"}],"wp:term":[{"taxonomy":"category","embeddable":true,"href":"http:\/\/afriquecreative.fr\/en\/wp-json\/wp\/v2\/categories?post=8305"},{"taxonomy":"post_tag","embeddable":true,"href":"http:\/\/afriquecreative.fr\/en\/wp-json\/wp\/v2\/tags?post=8305"}],"curies":[{"name":"wp","href":"https:\/\/api.w.org\/{rel}","templated":true}]}}