{"id":8335,"date":"2024-11-18T09:49:54","date_gmt":"2024-11-18T09:49:54","guid":{"rendered":"https:\/\/afriquecreative.fr\/?p=8335"},"modified":"2024-11-18T16:18:18","modified_gmt":"2024-11-18T16:18:18","slug":"first-quarter-of-incubation-what-progress-for-our-entrepreneurs","status":"publish","type":"post","link":"http:\/\/afriquecreative.fr\/en\/premier-trimestre-dincubation-quelles-avancees-pour-nos-entrepreneurs\/","title":{"rendered":"First months of incubation: What progress for our entrepreneurs?\u00a0"},"content":{"rendered":"<p class=\"has-central-palette-1-color has-text-color has-link-color wp-elements-819d6716c8ba2a716c6f683b98aaf29d\"><strong>Since July, our fifteen creative entrepreneurs have been working hard to implement their projects and get their businesses off the ground!<\/strong>&nbsp;&nbsp;<\/p>\n\n\n\n<p>The first months of incubation were rich and intense for the supported start-ups. With the continued support of their incubator, each company pursued its acceleration objectives and implemented its action plan. It was an opportunity to reflect on its business strategy, define a marketing plan, recruit new talent, train its teams, purchase equipment, set up its premises, or prepare the launch of new products and create innovative content.&nbsp;<\/p>\n\n\n\n<div style=\"height:15px\" aria-hidden=\"true\" class=\"wp-block-spacer\"><\/div>\n\n\n\n<p class=\"has-central-palette-1-color has-text-color has-link-color wp-elements-dd4ec0ebaeba3cf1e8b966252d1e1bd6\"><strong>Here is an overview of the key activities of our entrepreneurs:<\/strong><\/p>\n\n\n\n<div style=\"height:15px\" aria-hidden=\"true\" class=\"wp-block-spacer\"><\/div>\n\n\n\n<ul class=\"wp-block-list\">\n<li>In July, <strong><a href=\"https:\/\/afriquecreative.fr\/en\/khalil-liouane-wafa-gabsi\/\" target=\"_blank\" rel=\"noopener noreferrer nofollow\">Cloud Visual Art<\/a> <\/strong>went to Senegal to launch <a href=\"https:\/\/www.instagram.com\/sprintart_archivart\/\" target=\"_blank\" rel=\"noreferrer noopener\"><strong>Sprint&#039;Art<\/strong><\/a> Senegal, its program for African artists. This program aims to support young talents by offering them the opportunity to boost their careers. In total, 8 Senegalese artists participated in this week of training. In 2025, Sprint&#039;Art will go to meet Ivorian artists!\u00a0\u00a0\u00a0<\/li>\n<\/ul>\n\n\n\n<div style=\"height:15px\" aria-hidden=\"true\" class=\"wp-block-spacer\"><\/div>\n\n\n\n<div class=\"wp-block-columns is-layout-flex wp-container-core-columns-is-layout-28f84493 wp-block-columns-is-layout-flex\">\n<div class=\"wp-block-column is-layout-flow wp-block-column-is-layout-flow\">\n<figure class=\"wp-block-image size-large\"><img fetchpriority=\"high\" decoding=\"async\" width=\"1024\" height=\"682\" src=\"https:\/\/afriquecreative.fr\/wp-content\/uploads\/2024\/11\/WhatsApp-Image-2024-07-24-at-00.25.25-1-1024x682.jpeg\" alt=\"\" class=\"wp-image-8344\" srcset=\"https:\/\/afriquecreative.fr\/wp-content\/uploads\/2024\/11\/WhatsApp-Image-2024-07-24-at-00.25.25-1-1024x682.jpeg 1024w, https:\/\/afriquecreative.fr\/wp-content\/uploads\/2024\/11\/WhatsApp-Image-2024-07-24-at-00.25.25-1-300x200.jpeg 300w, https:\/\/afriquecreative.fr\/wp-content\/uploads\/2024\/11\/WhatsApp-Image-2024-07-24-at-00.25.25-1-768x512.jpeg 768w, https:\/\/afriquecreative.fr\/wp-content\/uploads\/2024\/11\/WhatsApp-Image-2024-07-24-at-00.25.25-1-1536x1023.jpeg 1536w, https:\/\/afriquecreative.fr\/wp-content\/uploads\/2024\/11\/WhatsApp-Image-2024-07-24-at-00.25.25-1-18x12.jpeg 18w, https:\/\/afriquecreative.fr\/wp-content\/uploads\/2024\/11\/WhatsApp-Image-2024-07-24-at-00.25.25-1.jpeg 1600w\" sizes=\"(max-width: 1024px) 100vw, 1024px\" \/><\/figure>\n<\/div>\n\n\n\n<div class=\"wp-block-column is-layout-flow wp-block-column-is-layout-flow\">\n<figure class=\"wp-block-image size-large\"><img decoding=\"async\" width=\"1024\" height=\"682\" src=\"https:\/\/afriquecreative.fr\/wp-content\/uploads\/2024\/11\/WhatsApp-Image-2024-07-24-at-00.25.24-2-1024x682.jpeg\" alt=\"\" class=\"wp-image-8345\" srcset=\"https:\/\/afriquecreative.fr\/wp-content\/uploads\/2024\/11\/WhatsApp-Image-2024-07-24-at-00.25.24-2-1024x682.jpeg 1024w, https:\/\/afriquecreative.fr\/wp-content\/uploads\/2024\/11\/WhatsApp-Image-2024-07-24-at-00.25.24-2-300x200.jpeg 300w, https:\/\/afriquecreative.fr\/wp-content\/uploads\/2024\/11\/WhatsApp-Image-2024-07-24-at-00.25.24-2-768x512.jpeg 768w, https:\/\/afriquecreative.fr\/wp-content\/uploads\/2024\/11\/WhatsApp-Image-2024-07-24-at-00.25.24-2-1536x1023.jpeg 1536w, https:\/\/afriquecreative.fr\/wp-content\/uploads\/2024\/11\/WhatsApp-Image-2024-07-24-at-00.25.24-2-18x12.jpeg 18w, https:\/\/afriquecreative.fr\/wp-content\/uploads\/2024\/11\/WhatsApp-Image-2024-07-24-at-00.25.24-2.jpeg 1600w\" sizes=\"(max-width: 1024px) 100vw, 1024px\" \/><\/figure>\n<\/div>\n<\/div>\n\n\n\n<div style=\"height:15px\" aria-hidden=\"true\" class=\"wp-block-spacer\"><\/div>\n\n\n\n<ul class=\"wp-block-list\">\n<li>This summer, the studio<strong> <a href=\"https:\/\/afriquecreative.fr\/en\/mehdi-el-kindi\/\" target=\"_blank\" rel=\"noopener noreferrer nofollow\">Les Bonnes Ondes<\/a><\/strong> has been given a new fresh look. Development work has been carried out to improve sound recording and allow for optimal production of their future podcasts. Listen to their latest episodes<strong> <a href=\"https:\/\/l.instagram.com\/?u=https%3A%2F%2Fwww.lesbonnesondes.ma%2F%3Ffbclid%3DPAZXh0bgNhZW0CMTEAAaZc0KqISOOq9IOdgK9lKMFjPZ1XsNA5gyMNkla6jadYwbCpILBZJHizHCU_aem_VIrEVl-IgqI5HDoIPCidmQ&amp;e=AT325kK5mB49CMD88x2tvxgxrqgxZ8Q6jwafDVLJ7Oovto2PH_5rQC-0ZaZzScdzR3dKAPPtwgKH28SVD-jxnwfOZlYEpqfexMmCFAQ\" target=\"_blank\" rel=\"noreferrer noopener\">here<\/a> <\/strong>!&nbsp;<\/li>\n<\/ul>\n\n\n\n<div style=\"height:15px\" aria-hidden=\"true\" class=\"wp-block-spacer\"><\/div>\n\n\n\n<div class=\"wp-block-columns is-layout-flex wp-container-core-columns-is-layout-28f84493 wp-block-columns-is-layout-flex\">\n<div class=\"wp-block-column is-layout-flow wp-block-column-is-layout-flow\">\n<figure class=\"wp-block-image size-large\"><img decoding=\"async\" width=\"1024\" height=\"461\" src=\"https:\/\/afriquecreative.fr\/wp-content\/uploads\/2024\/11\/4-1-1024x461.jpg\" alt=\"\" class=\"wp-image-8356\" srcset=\"https:\/\/afriquecreative.fr\/wp-content\/uploads\/2024\/11\/4-1-1024x461.jpg 1024w, https:\/\/afriquecreative.fr\/wp-content\/uploads\/2024\/11\/4-1-300x135.jpg 300w, https:\/\/afriquecreative.fr\/wp-content\/uploads\/2024\/11\/4-1-768x346.jpg 768w, https:\/\/afriquecreative.fr\/wp-content\/uploads\/2024\/11\/4-1-1536x691.jpg 1536w, https:\/\/afriquecreative.fr\/wp-content\/uploads\/2024\/11\/4-1-18x8.jpg 18w, https:\/\/afriquecreative.fr\/wp-content\/uploads\/2024\/11\/4-1.jpg 1600w\" sizes=\"(max-width: 1024px) 100vw, 1024px\" \/><\/figure>\n<\/div>\n\n\n\n<div class=\"wp-block-column is-layout-flow wp-block-column-is-layout-flow\">\n<figure class=\"wp-block-image size-large\"><img loading=\"lazy\" decoding=\"async\" width=\"1024\" height=\"461\" src=\"https:\/\/afriquecreative.fr\/wp-content\/uploads\/2024\/11\/5-1024x461.jpg\" alt=\"\" class=\"wp-image-8355\" srcset=\"https:\/\/afriquecreative.fr\/wp-content\/uploads\/2024\/11\/5-1024x461.jpg 1024w, https:\/\/afriquecreative.fr\/wp-content\/uploads\/2024\/11\/5-300x135.jpg 300w, https:\/\/afriquecreative.fr\/wp-content\/uploads\/2024\/11\/5-768x346.jpg 768w, https:\/\/afriquecreative.fr\/wp-content\/uploads\/2024\/11\/5-1536x691.jpg 1536w, https:\/\/afriquecreative.fr\/wp-content\/uploads\/2024\/11\/5-18x8.jpg 18w, https:\/\/afriquecreative.fr\/wp-content\/uploads\/2024\/11\/5.jpg 1600w\" sizes=\"(max-width: 1024px) 100vw, 1024px\" \/><\/figure>\n<\/div>\n<\/div>\n\n\n\n<div style=\"height:15px\" aria-hidden=\"true\" class=\"wp-block-spacer\"><\/div>\n\n\n\n<ul class=\"wp-block-list\">\n<li>Committed to training new talents, <a href=\"https:\/\/afriquecreative.fr\/en\/charly-kodjo\/\" target=\"_blank\" rel=\"noopener noreferrer nofollow\"><strong>Instant2Vie Studio<\/strong><\/a> organized the third edition of <a href=\"https:\/\/instant2viestudio.com\/creative-lab\/\" target=\"_blank\" rel=\"noreferrer noopener\"><strong>Creative LAB<\/strong><\/a>, a training course in audiovisual post-production professions. This year, ten young talents from Cameroon, Senegal, Chad, Niger, Congo and Ivory Coast joined the program and took part in practical workshops and masterclasses for two months.&nbsp;<\/li>\n<\/ul>\n\n\n\n<div style=\"height:15px\" aria-hidden=\"true\" class=\"wp-block-spacer\"><\/div>\n\n\n\n<div class=\"wp-block-columns is-layout-flex wp-container-core-columns-is-layout-28f84493 wp-block-columns-is-layout-flex\">\n<div class=\"wp-block-column is-layout-flow wp-block-column-is-layout-flow\">\n<figure class=\"wp-block-image size-large\"><img loading=\"lazy\" decoding=\"async\" width=\"1024\" height=\"626\" src=\"http:\/\/afriquecreative.fr\/wp-content\/uploads\/2024\/11\/image-1-1024x626.png\" alt=\"\" class=\"wp-image-8341\" srcset=\"https:\/\/afriquecreative.fr\/wp-content\/uploads\/2024\/11\/image-1-1024x626.png 1024w, https:\/\/afriquecreative.fr\/wp-content\/uploads\/2024\/11\/image-1-300x183.png 300w, https:\/\/afriquecreative.fr\/wp-content\/uploads\/2024\/11\/image-1-768x470.png 768w, https:\/\/afriquecreative.fr\/wp-content\/uploads\/2024\/11\/image-1-18x12.png 18w, https:\/\/afriquecreative.fr\/wp-content\/uploads\/2024\/11\/image-1.png 1482w\" sizes=\"(max-width: 1024px) 100vw, 1024px\" \/><\/figure>\n<\/div>\n\n\n\n<div class=\"wp-block-column is-layout-flow wp-block-column-is-layout-flow\">\n<figure class=\"wp-block-image size-large\"><img loading=\"lazy\" decoding=\"async\" width=\"1024\" height=\"626\" src=\"https:\/\/afriquecreative.fr\/wp-content\/uploads\/2024\/11\/instant2vie2-1024x626.jpg\" alt=\"\" class=\"wp-image-8348\" srcset=\"https:\/\/afriquecreative.fr\/wp-content\/uploads\/2024\/11\/instant2vie2-1024x626.jpg 1024w, https:\/\/afriquecreative.fr\/wp-content\/uploads\/2024\/11\/instant2vie2-300x183.jpg 300w, https:\/\/afriquecreative.fr\/wp-content\/uploads\/2024\/11\/instant2vie2-768x469.jpg 768w, https:\/\/afriquecreative.fr\/wp-content\/uploads\/2024\/11\/instant2vie2-1536x938.jpg 1536w, https:\/\/afriquecreative.fr\/wp-content\/uploads\/2024\/11\/instant2vie2-18x12.jpg 18w, https:\/\/afriquecreative.fr\/wp-content\/uploads\/2024\/11\/instant2vie2.jpg 1920w\" sizes=\"(max-width: 1024px) 100vw, 1024px\" \/><\/figure>\n<\/div>\n<\/div>\n\n\n\n<div style=\"height:15px\" aria-hidden=\"true\" class=\"wp-block-spacer\"><\/div>\n\n\n\n<ul class=\"wp-block-list\">\n<li>Last June, <strong><a href=\"https:\/\/afriquecreative.fr\/en\/julien-herbin-thierno-ndiaye\/\" target=\"_blank\" rel=\"noopener noreferrer nofollow\">Kayfo Games <\/a><\/strong>has launched its mobile gaming portal Kayfo Play available in Senegal and Ivory Coast. Kayfo Play is more than thirty educational video games, with local content and accessible to all. To play, it is by<strong> <a href=\"https:\/\/www.kayfo.games\/\" target=\"_blank\" rel=\"noreferrer noopener\">here<\/a> <\/strong>!&nbsp;<\/li>\n<\/ul>\n\n\n\n<div style=\"height:15px\" aria-hidden=\"true\" class=\"wp-block-spacer\"><\/div>\n\n\n\n<div class=\"wp-block-columns is-layout-flex wp-container-core-columns-is-layout-28f84493 wp-block-columns-is-layout-flex\">\n<div class=\"wp-block-column is-layout-flow wp-block-column-is-layout-flow\">\n<figure class=\"wp-block-image aligncenter size-large is-resized\"><img loading=\"lazy\" decoding=\"async\" width=\"1024\" height=\"1024\" src=\"http:\/\/afriquecreative.fr\/wp-content\/uploads\/2024\/11\/image-1024x1024.jpg\" alt=\"\" class=\"wp-image-8342\" style=\"width:341px;height:auto\" srcset=\"https:\/\/afriquecreative.fr\/wp-content\/uploads\/2024\/11\/image-1024x1024.jpg 1024w, https:\/\/afriquecreative.fr\/wp-content\/uploads\/2024\/11\/image-300x300.jpg 300w, https:\/\/afriquecreative.fr\/wp-content\/uploads\/2024\/11\/image-150x150.jpg 150w, https:\/\/afriquecreative.fr\/wp-content\/uploads\/2024\/11\/image-768x768.jpg 768w, https:\/\/afriquecreative.fr\/wp-content\/uploads\/2024\/11\/image-12x12.jpg 12w, https:\/\/afriquecreative.fr\/wp-content\/uploads\/2024\/11\/image.jpg 1080w\" sizes=\"(max-width: 1024px) 100vw, 1024px\" \/><\/figure>\n<\/div>\n\n\n\n<div class=\"wp-block-column is-layout-flow wp-block-column-is-layout-flow\">\n<figure class=\"wp-block-image aligncenter size-large is-resized\"><img loading=\"lazy\" decoding=\"async\" width=\"1024\" height=\"1024\" src=\"https:\/\/afriquecreative.fr\/wp-content\/uploads\/2024\/11\/1728128642768-1024x1024.jpg\" alt=\"\" class=\"wp-image-8351\" style=\"width:340px;height:auto\" srcset=\"https:\/\/afriquecreative.fr\/wp-content\/uploads\/2024\/11\/1728128642768-1024x1024.jpg 1024w, https:\/\/afriquecreative.fr\/wp-content\/uploads\/2024\/11\/1728128642768-300x300.jpg 300w, https:\/\/afriquecreative.fr\/wp-content\/uploads\/2024\/11\/1728128642768-150x150.jpg 150w, https:\/\/afriquecreative.fr\/wp-content\/uploads\/2024\/11\/1728128642768-768x768.jpg 768w, https:\/\/afriquecreative.fr\/wp-content\/uploads\/2024\/11\/1728128642768-12x12.jpg 12w, https:\/\/afriquecreative.fr\/wp-content\/uploads\/2024\/11\/1728128642768.jpg 1080w\" sizes=\"(max-width: 1024px) 100vw, 1024px\" \/><\/figure>\n<\/div>\n<\/div>\n\n\n\n<ul class=\"wp-block-list\">\n<li>In October, <strong><a href=\"https:\/\/afriquecreative.fr\/en\/max-musau\/\" target=\"_blank\" rel=\"noopener noreferrer nofollow\">Jiwe Studio<\/a> <\/strong>was honored during the <strong><a href=\"https:\/\/fakugesi.co.za\/\" target=\"_blank\" rel=\"noreferrer noopener\">Fak&#039;ugesi Festival<\/a> <\/strong>by winning an award for its video game Usawa in the \u201cImpact Games\u201d category. Usawa is an African game that takes players on an educational journey through an Afro-futuristic environment. Discover the game<strong> <a href=\"https:\/\/jiwe.io\/\" target=\"_blank\" rel=\"noreferrer noopener\">here<\/a><\/strong> !&nbsp;<\/li>\n<\/ul>\n\n\n\n<div style=\"height:15px\" aria-hidden=\"true\" class=\"wp-block-spacer\"><\/div>\n\n\n\n<ul class=\"wp-block-list\">\n<li><strong><a href=\"https:\/\/afriquecreative.fr\/en\/sarah-mallia\/\" target=\"_blank\" rel=\"noopener noreferrer nofollow\">Freehand Movement<\/a> <\/strong>recently unveiled the first episodes of its children&#039;s series \u201c<strong><em>Uli &amp; Tata&#039;s African Nursery Rhymes<\/em><\/strong>\u201d. This cartoon follows the adventures of a brother and sister as they explore African cultures and traditions through songs and stories. Check out their series on <strong><a href=\"https:\/\/www.youtube.com\/@uliandtata\" target=\"_blank\" rel=\"noreferrer noopener\">YouTube<\/a><\/strong> !<strong>&nbsp;<\/strong><\/li>\n<\/ul>\n\n\n\n<div style=\"height:15px\" aria-hidden=\"true\" class=\"wp-block-spacer\"><\/div>\n\n\n\n<div class=\"wp-block-columns is-layout-flex wp-container-core-columns-is-layout-28f84493 wp-block-columns-is-layout-flex\">\n<div class=\"wp-block-column is-layout-flow wp-block-column-is-layout-flow\">\n<figure class=\"wp-block-image size-large\"><img loading=\"lazy\" decoding=\"async\" width=\"1024\" height=\"635\" src=\"https:\/\/afriquecreative.fr\/wp-content\/uploads\/2024\/11\/ulitata2-1024x635.jpg\" alt=\"\" class=\"wp-image-8352\" srcset=\"https:\/\/afriquecreative.fr\/wp-content\/uploads\/2024\/11\/ulitata2-1024x635.jpg 1024w, https:\/\/afriquecreative.fr\/wp-content\/uploads\/2024\/11\/ulitata2-300x186.jpg 300w, https:\/\/afriquecreative.fr\/wp-content\/uploads\/2024\/11\/ulitata2-768x476.jpg 768w, https:\/\/afriquecreative.fr\/wp-content\/uploads\/2024\/11\/ulitata2-18x12.jpg 18w, https:\/\/afriquecreative.fr\/wp-content\/uploads\/2024\/11\/ulitata2.jpg 1500w\" sizes=\"(max-width: 1024px) 100vw, 1024px\" \/><\/figure>\n<\/div>\n\n\n\n<div class=\"wp-block-column is-layout-flow wp-block-column-is-layout-flow\">\n<figure class=\"wp-block-image size-large\"><img loading=\"lazy\" decoding=\"async\" width=\"1024\" height=\"637\" src=\"http:\/\/afriquecreative.fr\/wp-content\/uploads\/2024\/08\/ULI_AND_TATA_TRAVEL_MAP__SN1-1-1024x637.png\" alt=\"\" class=\"wp-image-7990\" srcset=\"https:\/\/afriquecreative.fr\/wp-content\/uploads\/2024\/08\/ULI_AND_TATA_TRAVEL_MAP__SN1-1-1024x637.png 1024w, https:\/\/afriquecreative.fr\/wp-content\/uploads\/2024\/08\/ULI_AND_TATA_TRAVEL_MAP__SN1-1-300x187.png 300w, https:\/\/afriquecreative.fr\/wp-content\/uploads\/2024\/08\/ULI_AND_TATA_TRAVEL_MAP__SN1-1-768x478.png 768w, https:\/\/afriquecreative.fr\/wp-content\/uploads\/2024\/08\/ULI_AND_TATA_TRAVEL_MAP__SN1-1-1536x955.png 1536w, https:\/\/afriquecreative.fr\/wp-content\/uploads\/2024\/08\/ULI_AND_TATA_TRAVEL_MAP__SN1-1-18x12.png 18w, https:\/\/afriquecreative.fr\/wp-content\/uploads\/2024\/08\/ULI_AND_TATA_TRAVEL_MAP__SN1-1.png 1920w\" sizes=\"(max-width: 1024px) 100vw, 1024px\" \/><\/figure>\n<\/div>\n<\/div>\n\n\n\n<div style=\"height:15px\" aria-hidden=\"true\" class=\"wp-block-spacer\"><\/div>\n\n\n\n<ul class=\"wp-block-list\">\n<li>Committed to social inclusion, <strong><a href=\"https:\/\/afriquecreative.fr\/en\/gaelle-edou\/\" target=\"_blank\" rel=\"noopener noreferrer nofollow\">Sartoria Gaecy<\/a> <\/strong>has set up a program to train several female prisoners in vertical weaving, thus opening up prospects for professional reintegration at the end of their incarceration.&nbsp;&nbsp;<\/li>\n<\/ul>\n\n\n\n<p><\/p>","protected":false},"excerpt":{"rendered":"<p>Depuis juillet, nos quinze entrepreneur\u00b7e\u00b7s cr\u00e9atifs s&#8217;activent pour mettre en \u0153uvre leurs projets et faire d\u00e9coller leurs entreprises !&nbsp;&nbsp; Les premiers mois d\u2019incubation ont \u00e9t\u00e9 riches et intenses pour les starts-ups accompagn\u00e9es. Avec le soutien continu de leur incubateur, chaque entreprise a poursuivi ses objectifs d\u2019acc\u00e9l\u00e9ration et mis en place son plan d\u2019action. Ce fut [&hellip;]<\/p>\n","protected":false},"author":6,"featured_media":8358,"comment_status":"closed","ping_status":"closed","sticky":false,"template":"","format":"standard","meta":{"_acf_changed":false,"footnotes":""},"categories":[15],"tags":[181,221,217,34,41,155],"class_list":["post-8335","post","type-post","status-publish","format-standard","has-post-thumbnail","hentry","category-news","tag-181","tag-cote-divoire","tag-kenya","tag-maroc","tag-senegal","tag-tunisie"],"acf":[],"yoast_head":"<!-- This site is optimized with the Yoast SEO plugin v27.4 - https:\/\/yoast.com\/product\/yoast-seo-wordpress\/ -->\n<title>Premiers mois d\u2019incubation :\u00a0Quelles avanc\u00e9es pour nos entrepreneurs ?\u00a0 - Afrique cr\u00e9ative<\/title>\n<meta name=\"robots\" content=\"index, follow, max-snippet:-1, max-image-preview:large, max-video-preview:-1\" \/>\n<link rel=\"canonical\" href=\"https:\/\/afriquecreative.fr\/en\/first-quarter-of-incubation-what-progress-for-our-entrepreneurs\/\" \/>\n<meta property=\"og:locale\" content=\"en_GB\" \/>\n<meta property=\"og:type\" content=\"article\" \/>\n<meta property=\"og:title\" content=\"Premiers mois d\u2019incubation :\u00a0Quelles avanc\u00e9es pour nos entrepreneurs ?\u00a0 - Afrique cr\u00e9ative\" \/>\n<meta property=\"og:description\" content=\"Depuis juillet, nos quinze entrepreneur\u00b7e\u00b7s cr\u00e9atifs s&#8217;activent pour mettre en \u0153uvre leurs projets et faire d\u00e9coller leurs entreprises !&nbsp;&nbsp; Les premiers mois d\u2019incubation ont \u00e9t\u00e9 riches et intenses pour les starts-ups accompagn\u00e9es. Avec le soutien continu de leur incubateur, chaque entreprise a poursuivi ses objectifs d\u2019acc\u00e9l\u00e9ration et mis en place son plan d\u2019action. Ce fut [&hellip;]\" \/>\n<meta property=\"og:url\" content=\"https:\/\/afriquecreative.fr\/en\/first-quarter-of-incubation-what-progress-for-our-entrepreneurs\/\" \/>\n<meta property=\"og:site_name\" content=\"Afrique cr\u00e9ative\" \/>\n<meta property=\"article:publisher\" content=\"https:\/\/www.facebook.com\/afriquecreative\/\" \/>\n<meta property=\"article:published_time\" content=\"2024-11-18T09:49:54+00:00\" \/>\n<meta property=\"article:modified_time\" content=\"2024-11-18T16:18:18+00:00\" \/>\n<meta property=\"og:image\" content=\"https:\/\/afriquecreative.fr\/wp-content\/uploads\/2024\/11\/ArticleT1site.jpg\" \/>\n\t<meta property=\"og:image:width\" content=\"1410\" \/>\n\t<meta property=\"og:image:height\" content=\"1182\" \/>\n\t<meta property=\"og:image:type\" content=\"image\/jpeg\" \/>\n<meta name=\"author\" content=\"Africalia asbl\" \/>\n<meta name=\"twitter:card\" content=\"summary_large_image\" \/>\n<meta name=\"twitter:creator\" content=\"@Banlieues\" \/>\n<meta name=\"twitter:label1\" content=\"Written by\" \/>\n\t<meta name=\"twitter:data1\" content=\"Africalia asbl\" \/>\n\t<meta name=\"twitter:label2\" content=\"Estimated reading time\" \/>\n\t<meta name=\"twitter:data2\" content=\"5 minutes\" \/>\n<script type=\"application\/ld+json\" class=\"yoast-schema-graph\">{\"@context\":\"https:\\\/\\\/schema.org\",\"@graph\":[{\"@type\":\"Article\",\"@id\":\"https:\\\/\\\/afriquecreative.fr\\\/premier-trimestre-dincubation-quelles-avancees-pour-nos-entrepreneurs\\\/#article\",\"isPartOf\":{\"@id\":\"https:\\\/\\\/afriquecreative.fr\\\/premier-trimestre-dincubation-quelles-avancees-pour-nos-entrepreneurs\\\/\"},\"author\":{\"name\":\"Africalia asbl\",\"@id\":\"http:\\\/\\\/afriquecreative.fr\\\/#\\\/schema\\\/person\\\/947368a1408af61ec528c7f96a1771a0\"},\"headline\":\"Premiers mois d\u2019incubation :\u00a0Quelles avanc\u00e9es pour nos entrepreneurs ?\u00a0\",\"datePublished\":\"2024-11-18T09:49:54+00:00\",\"dateModified\":\"2024-11-18T16:18:18+00:00\",\"mainEntityOfPage\":{\"@id\":\"https:\\\/\\\/afriquecreative.fr\\\/premier-trimestre-dincubation-quelles-avancees-pour-nos-entrepreneurs\\\/\"},\"wordCount\":530,\"publisher\":{\"@id\":\"http:\\\/\\\/afriquecreative.fr\\\/#organization\"},\"image\":{\"@id\":\"https:\\\/\\\/afriquecreative.fr\\\/premier-trimestre-dincubation-quelles-avancees-pour-nos-entrepreneurs\\\/#primaryimage\"},\"thumbnailUrl\":\"https:\\\/\\\/afriquecreative.fr\\\/wp-content\\\/uploads\\\/2024\\\/11\\\/ArticleT1site.jpg\",\"keywords\":[\"2023\",\"cote d'ivoire\",\"KENYA\",\"MAROC\",\"SENEGAL\",\"TUNISIE\"],\"articleSection\":[\"Actualit\u00e9s\"],\"inLanguage\":\"en-GB\"},{\"@type\":\"WebPage\",\"@id\":\"https:\\\/\\\/afriquecreative.fr\\\/premier-trimestre-dincubation-quelles-avancees-pour-nos-entrepreneurs\\\/\",\"url\":\"https:\\\/\\\/afriquecreative.fr\\\/premier-trimestre-dincubation-quelles-avancees-pour-nos-entrepreneurs\\\/\",\"name\":\"Premiers mois d\u2019incubation :\u00a0Quelles avanc\u00e9es pour nos entrepreneurs ?\u00a0 - Afrique cr\u00e9ative\",\"isPartOf\":{\"@id\":\"http:\\\/\\\/afriquecreative.fr\\\/#website\"},\"primaryImageOfPage\":{\"@id\":\"https:\\\/\\\/afriquecreative.fr\\\/premier-trimestre-dincubation-quelles-avancees-pour-nos-entrepreneurs\\\/#primaryimage\"},\"image\":{\"@id\":\"https:\\\/\\\/afriquecreative.fr\\\/premier-trimestre-dincubation-quelles-avancees-pour-nos-entrepreneurs\\\/#primaryimage\"},\"thumbnailUrl\":\"https:\\\/\\\/afriquecreative.fr\\\/wp-content\\\/uploads\\\/2024\\\/11\\\/ArticleT1site.jpg\",\"datePublished\":\"2024-11-18T09:49:54+00:00\",\"dateModified\":\"2024-11-18T16:18:18+00:00\",\"breadcrumb\":{\"@id\":\"https:\\\/\\\/afriquecreative.fr\\\/premier-trimestre-dincubation-quelles-avancees-pour-nos-entrepreneurs\\\/#breadcrumb\"},\"inLanguage\":\"en-GB\",\"potentialAction\":[{\"@type\":\"ReadAction\",\"target\":[\"https:\\\/\\\/afriquecreative.fr\\\/premier-trimestre-dincubation-quelles-avancees-pour-nos-entrepreneurs\\\/\"]}]},{\"@type\":\"ImageObject\",\"inLanguage\":\"en-GB\",\"@id\":\"https:\\\/\\\/afriquecreative.fr\\\/premier-trimestre-dincubation-quelles-avancees-pour-nos-entrepreneurs\\\/#primaryimage\",\"url\":\"https:\\\/\\\/afriquecreative.fr\\\/wp-content\\\/uploads\\\/2024\\\/11\\\/ArticleT1site.jpg\",\"contentUrl\":\"https:\\\/\\\/afriquecreative.fr\\\/wp-content\\\/uploads\\\/2024\\\/11\\\/ArticleT1site.jpg\",\"width\":1410,\"height\":1182},{\"@type\":\"BreadcrumbList\",\"@id\":\"https:\\\/\\\/afriquecreative.fr\\\/premier-trimestre-dincubation-quelles-avancees-pour-nos-entrepreneurs\\\/#breadcrumb\",\"itemListElement\":[{\"@type\":\"ListItem\",\"position\":1,\"name\":\"Accueil\",\"item\":\"http:\\\/\\\/afriquecreative.fr\\\/\"},{\"@type\":\"ListItem\",\"position\":2,\"name\":\"Premiers mois d\u2019incubation :\u00a0Quelles avanc\u00e9es pour nos entrepreneurs ?\u00a0\"}]},{\"@type\":\"WebSite\",\"@id\":\"http:\\\/\\\/afriquecreative.fr\\\/#website\",\"url\":\"http:\\\/\\\/afriquecreative.fr\\\/\",\"name\":\"Afrique cr\u00e9ative\",\"description\":\"Partenaire de talents\",\"publisher\":{\"@id\":\"http:\\\/\\\/afriquecreative.fr\\\/#organization\"},\"potentialAction\":[{\"@type\":\"SearchAction\",\"target\":{\"@type\":\"EntryPoint\",\"urlTemplate\":\"http:\\\/\\\/afriquecreative.fr\\\/?s={search_term_string}\"},\"query-input\":{\"@type\":\"PropertyValueSpecification\",\"valueRequired\":true,\"valueName\":\"search_term_string\"}}],\"inLanguage\":\"en-GB\"},{\"@type\":\"Organization\",\"@id\":\"http:\\\/\\\/afriquecreative.fr\\\/#organization\",\"name\":\"Afrique Cr\u00e9ative\",\"url\":\"http:\\\/\\\/afriquecreative.fr\\\/\",\"logo\":{\"@type\":\"ImageObject\",\"inLanguage\":\"en-GB\",\"@id\":\"http:\\\/\\\/afriquecreative.fr\\\/#\\\/schema\\\/logo\\\/image\\\/\",\"url\":\"https:\\\/\\\/afriquecreative.fr\\\/wp-content\\\/uploads\\\/2021\\\/04\\\/logo-lg.svg\",\"contentUrl\":\"https:\\\/\\\/afriquecreative.fr\\\/wp-content\\\/uploads\\\/2021\\\/04\\\/logo-lg.svg\",\"width\":1,\"height\":1,\"caption\":\"Afrique Cr\u00e9ative\"},\"image\":{\"@id\":\"http:\\\/\\\/afriquecreative.fr\\\/#\\\/schema\\\/logo\\\/image\\\/\"},\"sameAs\":[\"https:\\\/\\\/www.facebook.com\\\/afriquecreative\\\/\",\"https:\\\/\\\/www.instagram.com\\\/afrique.creative\\\/?hl=en\"]},{\"@type\":\"Person\",\"@id\":\"http:\\\/\\\/afriquecreative.fr\\\/#\\\/schema\\\/person\\\/947368a1408af61ec528c7f96a1771a0\",\"name\":\"Africalia asbl\",\"image\":{\"@type\":\"ImageObject\",\"inLanguage\":\"en-GB\",\"@id\":\"https:\\\/\\\/secure.gravatar.com\\\/avatar\\\/1834c043fa4057630f98430888fadf5d2bed443c0bccb88881edc2173dfa1e36?s=96&d=mm&r=g\",\"url\":\"https:\\\/\\\/secure.gravatar.com\\\/avatar\\\/1834c043fa4057630f98430888fadf5d2bed443c0bccb88881edc2173dfa1e36?s=96&d=mm&r=g\",\"contentUrl\":\"https:\\\/\\\/secure.gravatar.com\\\/avatar\\\/1834c043fa4057630f98430888fadf5d2bed443c0bccb88881edc2173dfa1e36?s=96&d=mm&r=g\",\"caption\":\"Africalia asbl\"},\"sameAs\":[\"https:\\\/\\\/x.com\\\/Banlieues\"],\"url\":\"http:\\\/\\\/afriquecreative.fr\\\/en\\\/author\\\/paolo-zanicchiafricalia-be\\\/\"}]}<\/script>\n<!-- \/ Yoast SEO plugin. -->","yoast_head_json":{"title":"First months of incubation: What progress for our entrepreneurs? - Creative Africa","robots":{"index":"index","follow":"follow","max-snippet":"max-snippet:-1","max-image-preview":"max-image-preview:large","max-video-preview":"max-video-preview:-1"},"canonical":"https:\/\/afriquecreative.fr\/en\/first-quarter-of-incubation-what-progress-for-our-entrepreneurs\/","og_locale":"en_GB","og_type":"article","og_title":"Premiers mois d\u2019incubation :\u00a0Quelles avanc\u00e9es pour nos entrepreneurs ?\u00a0 - Afrique cr\u00e9ative","og_description":"Depuis juillet, nos quinze entrepreneur\u00b7e\u00b7s cr\u00e9atifs s&#8217;activent pour mettre en \u0153uvre leurs projets et faire d\u00e9coller leurs entreprises !&nbsp;&nbsp; Les premiers mois d\u2019incubation ont \u00e9t\u00e9 riches et intenses pour les starts-ups accompagn\u00e9es. Avec le soutien continu de leur incubateur, chaque entreprise a poursuivi ses objectifs d\u2019acc\u00e9l\u00e9ration et mis en place son plan d\u2019action. Ce fut [&hellip;]","og_url":"https:\/\/afriquecreative.fr\/en\/first-quarter-of-incubation-what-progress-for-our-entrepreneurs\/","og_site_name":"Afrique cr\u00e9ative","article_publisher":"https:\/\/www.facebook.com\/afriquecreative\/","article_published_time":"2024-11-18T09:49:54+00:00","article_modified_time":"2024-11-18T16:18:18+00:00","og_image":[{"width":1410,"height":1182,"url":"https:\/\/afriquecreative.fr\/wp-content\/uploads\/2024\/11\/ArticleT1site.jpg","type":"image\/jpeg"}],"author":"Africalia asbl","twitter_card":"summary_large_image","twitter_creator":"@Banlieues","twitter_misc":{"Written by":"Africalia asbl","Estimated reading time":"5 minutes"},"schema":{"@context":"https:\/\/schema.org","@graph":[{"@type":"Article","@id":"https:\/\/afriquecreative.fr\/premier-trimestre-dincubation-quelles-avancees-pour-nos-entrepreneurs\/#article","isPartOf":{"@id":"https:\/\/afriquecreative.fr\/premier-trimestre-dincubation-quelles-avancees-pour-nos-entrepreneurs\/"},"author":{"name":"Africalia asbl","@id":"http:\/\/afriquecreative.fr\/#\/schema\/person\/947368a1408af61ec528c7f96a1771a0"},"headline":"Premiers mois d\u2019incubation :\u00a0Quelles avanc\u00e9es pour nos entrepreneurs ?\u00a0","datePublished":"2024-11-18T09:49:54+00:00","dateModified":"2024-11-18T16:18:18+00:00","mainEntityOfPage":{"@id":"https:\/\/afriquecreative.fr\/premier-trimestre-dincubation-quelles-avancees-pour-nos-entrepreneurs\/"},"wordCount":530,"publisher":{"@id":"http:\/\/afriquecreative.fr\/#organization"},"image":{"@id":"https:\/\/afriquecreative.fr\/premier-trimestre-dincubation-quelles-avancees-pour-nos-entrepreneurs\/#primaryimage"},"thumbnailUrl":"https:\/\/afriquecreative.fr\/wp-content\/uploads\/2024\/11\/ArticleT1site.jpg","keywords":["2023","cote d'ivoire","KENYA","MAROC","SENEGAL","TUNISIE"],"articleSection":["Actualit\u00e9s"],"inLanguage":"en-GB"},{"@type":"WebPage","@id":"https:\/\/afriquecreative.fr\/premier-trimestre-dincubation-quelles-avancees-pour-nos-entrepreneurs\/","url":"https:\/\/afriquecreative.fr\/premier-trimestre-dincubation-quelles-avancees-pour-nos-entrepreneurs\/","name":"First months of incubation: What progress for our entrepreneurs? - Creative Africa","isPartOf":{"@id":"http:\/\/afriquecreative.fr\/#website"},"primaryImageOfPage":{"@id":"https:\/\/afriquecreative.fr\/premier-trimestre-dincubation-quelles-avancees-pour-nos-entrepreneurs\/#primaryimage"},"image":{"@id":"https:\/\/afriquecreative.fr\/premier-trimestre-dincubation-quelles-avancees-pour-nos-entrepreneurs\/#primaryimage"},"thumbnailUrl":"https:\/\/afriquecreative.fr\/wp-content\/uploads\/2024\/11\/ArticleT1site.jpg","datePublished":"2024-11-18T09:49:54+00:00","dateModified":"2024-11-18T16:18:18+00:00","breadcrumb":{"@id":"https:\/\/afriquecreative.fr\/premier-trimestre-dincubation-quelles-avancees-pour-nos-entrepreneurs\/#breadcrumb"},"inLanguage":"en-GB","potentialAction":[{"@type":"ReadAction","target":["https:\/\/afriquecreative.fr\/premier-trimestre-dincubation-quelles-avancees-pour-nos-entrepreneurs\/"]}]},{"@type":"ImageObject","inLanguage":"en-GB","@id":"https:\/\/afriquecreative.fr\/premier-trimestre-dincubation-quelles-avancees-pour-nos-entrepreneurs\/#primaryimage","url":"https:\/\/afriquecreative.fr\/wp-content\/uploads\/2024\/11\/ArticleT1site.jpg","contentUrl":"https:\/\/afriquecreative.fr\/wp-content\/uploads\/2024\/11\/ArticleT1site.jpg","width":1410,"height":1182},{"@type":"BreadcrumbList","@id":"https:\/\/afriquecreative.fr\/premier-trimestre-dincubation-quelles-avancees-pour-nos-entrepreneurs\/#breadcrumb","itemListElement":[{"@type":"ListItem","position":1,"name":"Accueil","item":"http:\/\/afriquecreative.fr\/"},{"@type":"ListItem","position":2,"name":"Premiers mois d\u2019incubation :\u00a0Quelles avanc\u00e9es pour nos entrepreneurs ?\u00a0"}]},{"@type":"WebSite","@id":"http:\/\/afriquecreative.fr\/#website","url":"http:\/\/afriquecreative.fr\/","name":"Creative Africa","description":"Talent Partner","publisher":{"@id":"http:\/\/afriquecreative.fr\/#organization"},"potentialAction":[{"@type":"SearchAction","target":{"@type":"EntryPoint","urlTemplate":"http:\/\/afriquecreative.fr\/?s={search_term_string}"},"query-input":{"@type":"PropertyValueSpecification","valueRequired":true,"valueName":"search_term_string"}}],"inLanguage":"en-GB"},{"@type":"Organization","@id":"http:\/\/afriquecreative.fr\/#organization","name":"Creative Africa","url":"http:\/\/afriquecreative.fr\/","logo":{"@type":"ImageObject","inLanguage":"en-GB","@id":"http:\/\/afriquecreative.fr\/#\/schema\/logo\/image\/","url":"https:\/\/afriquecreative.fr\/wp-content\/uploads\/2021\/04\/logo-lg.svg","contentUrl":"https:\/\/afriquecreative.fr\/wp-content\/uploads\/2021\/04\/logo-lg.svg","width":1,"height":1,"caption":"Afrique Cr\u00e9ative"},"image":{"@id":"http:\/\/afriquecreative.fr\/#\/schema\/logo\/image\/"},"sameAs":["https:\/\/www.facebook.com\/afriquecreative\/","https:\/\/www.instagram.com\/afrique.creative\/?hl=en"]},{"@type":"Person","@id":"http:\/\/afriquecreative.fr\/#\/schema\/person\/947368a1408af61ec528c7f96a1771a0","name":"Africalia asbl","image":{"@type":"ImageObject","inLanguage":"en-GB","@id":"https:\/\/secure.gravatar.com\/avatar\/1834c043fa4057630f98430888fadf5d2bed443c0bccb88881edc2173dfa1e36?s=96&d=mm&r=g","url":"https:\/\/secure.gravatar.com\/avatar\/1834c043fa4057630f98430888fadf5d2bed443c0bccb88881edc2173dfa1e36?s=96&d=mm&r=g","contentUrl":"https:\/\/secure.gravatar.com\/avatar\/1834c043fa4057630f98430888fadf5d2bed443c0bccb88881edc2173dfa1e36?s=96&d=mm&r=g","caption":"Africalia asbl"},"sameAs":["https:\/\/x.com\/Banlieues"],"url":"http:\/\/afriquecreative.fr\/en\/author\/paolo-zanicchiafricalia-be\/"}]}},"_links":{"self":[{"href":"http:\/\/afriquecreative.fr\/en\/wp-json\/wp\/v2\/posts\/8335","targetHints":{"allow":["GET"]}}],"collection":[{"href":"http:\/\/afriquecreative.fr\/en\/wp-json\/wp\/v2\/posts"}],"about":[{"href":"http:\/\/afriquecreative.fr\/en\/wp-json\/wp\/v2\/types\/post"}],"author":[{"embeddable":true,"href":"http:\/\/afriquecreative.fr\/en\/wp-json\/wp\/v2\/users\/6"}],"replies":[{"embeddable":true,"href":"http:\/\/afriquecreative.fr\/en\/wp-json\/wp\/v2\/comments?post=8335"}],"version-history":[{"count":0,"href":"http:\/\/afriquecreative.fr\/en\/wp-json\/wp\/v2\/posts\/8335\/revisions"}],"wp:featuredmedia":[{"embeddable":true,"href":"http:\/\/afriquecreative.fr\/en\/wp-json\/wp\/v2\/media\/8358"}],"wp:attachment":[{"href":"http:\/\/afriquecreative.fr\/en\/wp-json\/wp\/v2\/media?parent=8335"}],"wp:term":[{"taxonomy":"category","embeddable":true,"href":"http:\/\/afriquecreative.fr\/en\/wp-json\/wp\/v2\/categories?post=8335"},{"taxonomy":"post_tag","embeddable":true,"href":"http:\/\/afriquecreative.fr\/en\/wp-json\/wp\/v2\/tags?post=8335"}],"curies":[{"name":"wp","href":"https:\/\/api.w.org\/{rel}","templated":true}]}}