{"id":104,"date":"2019-10-04T14:12:26","date_gmt":"2019-10-04T14:12:26","guid":{"rendered":"https:\/\/demop.netbaz.be\/2021\/afriquecreative\/2019\/10\/04\/sebastien-bazemo\/"},"modified":"2022-03-18T15:05:01","modified_gmt":"2022-03-18T15:05:01","slug":"sebastien-bazemo","status":"publish","type":"post","link":"https:\/\/afriquecreative.fr\/en\/sebastien-bazemo\/","title":{"rendered":"S\u00e9bastien BAZEMO"},"content":{"rendered":"<p><strong>The project leader&nbsp;&nbsp;<\/strong><\/p>\n\n\n\n<p>Touched by a passion for fashion since childhood, S\u00e9bastien Bazemo, known as Bazem&#039;sSe, quickly distinguished himself. Today, he has become a leading stylist in Africa. An entrepreneur at heart, demanding and creative, he aims to professionalize his business so that his brand is internationally recognized. Its main motivation is to promote \u201cmade in Faso\u201d and through its activities to create stable jobs for a vulnerable population, through the production chain.<\/p>\n\n\n\n<p><strong>The company<\/strong>&nbsp;<\/p>\n\n\n\n<p>Bazem&#039;se is known for his unique creations combining joy, elegance and handmade products made in his workshop in Ouagadougou. At the origin of the rebirth of the Koko Dunda loincloth which has become legendary today, Bazemse strives to promote local materials in an innovative process which has made its reputation. Reworked with village women weavers and dyers, the fabrics are handled with care in the designer&#039;s workshop.<\/p>\n\n\n\n<p>The retro Afropolitan style worked with rigor hugs the silhouettes. Mixture constitutes the signature of the brand: both that of the materials and that of the style which unites solar African elegance with the finesse of Western cuts. Men and women in the business world, eager to stand out and assert their style, see Bazem&#039;se&#039;s exclusive pieces as essentials in their wardrobe.<\/p>\n\n\n\n<p><strong>The development project<\/strong><\/p>\n\n\n\n<p>With Afrique Cr\u00e9ative, Bazem&#039;s pursuit of acceleration objectives. Among these, the brand wants<\/p>\n\n\n\n<ul class=\"wp-block-list\"><li>Develop a distribution and communication strategy aimed at expanding internationally<\/li><li>Optimize workshop production for greater efficiency<\/li><li>Organize and strengthen your team<\/li><li>Improve management tools<\/li><\/ul>\n\n\n\n<p><\/p>\n\n\n\n<p><strong>Activities have already been carried out<\/strong><\/p>\n\n\n\n<ul class=\"wp-block-list\"><li>Work on brand identity and communication strategy with the creative mentor<\/li><li>Work on your economic model and business plan with the business mentor<\/li><li>The development of an e-shop to market products internationally<\/li><li>Acquisition of new machines, moving and reorganization of the workshop<\/li><li>The development of stable contracts and involvement of the team in strategic reflections<\/li><li>Implementation of sales tracking software and management tools<\/li><\/ul>\n\n\n\n<p><\/p>\n\n\n\n<p><strong>The impact<\/strong><\/p>\n\n\n\n<figure class=\"wp-block-table\"><table><tbody><tr><td><strong>24<\/strong> <br>employees in 2019, <br>mainly <br>young people and women<\/td><td><strong>200<\/strong> <br>women weavers and <br>dyers whose level <br>life increases<\/td><td><strong>10<\/strong> <br>festival editions <br><em>Fashion crazes<\/em><\/td><td><strong>20<\/strong><br>years of <br>career<\/td><\/tr><\/tbody><\/table><\/figure>\n\n\n\n<p><strong>On video<\/strong><\/p>\n\n\n\n<figure class=\"wp-block-video\"><video height=\"1080\" style=\"aspect-ratio: 1920 \/ 1080;\" width=\"1920\" controls src=\"https:\/\/afriquecreative.fr\/wp-content\/uploads\/2022\/03\/03-Ance-Janvier-1-1.mp4\"><\/video><\/figure>\n\n\n\n<figure class=\"wp-block-video\"><video height=\"360\" style=\"aspect-ratio: 640 \/ 360;\" width=\"640\" controls src=\"https:\/\/afriquecreative.fr\/wp-content\/uploads\/2020\/12\/bazemo_web_1_1.mp4\"><\/video><\/figure>\n\n\n\n<figure class=\"wp-block-video\"><video height=\"1080\" style=\"aspect-ratio: 1920 \/ 1080;\" width=\"1920\" controls src=\"https:\/\/afriquecreative.fr\/wp-content\/uploads\/2020\/05\/1080p-2.mp4\"><\/video><\/figure>\n\n\n\n<p><strong>Learn more and contact<\/strong><\/p>\n\n\n\n<ul class=\"wp-block-list\"><li><i class=\"fas fa-desktop\"><\/i> : <a href=\"https:\/\/sebastienbazemo.com\/password\" target=\"_blank\" rel=\"noopener noreferrer nofollow\">sebastienbazemo.com<\/a><\/li><li><i class=\"fas fa-envelope\"><\/i> : bazemsecouture@yahoo.com<\/li><li><i class=\"fas fa-phone\"><\/i> : +22625652250\/ +22676705858<\/li><li><i class=\"fab fa-facebook-square\"><\/i>&nbsp;: <a href=\"https:\/\/www.facebook.com\/SebastienBazemoOfficiel\" target=\"_blank\" rel=\"noopener noreferrer nofollow\">@SebastienBazemoOfficiel<\/a><\/li><\/ul>\n\n\n\n<figure class=\"wp-block-gallery has-nested-images columns-3 is-cropped wp-block-gallery-1 is-layout-flex wp-block-gallery-is-layout-flex\">\n<figure class=\"wp-block-image size-large\"><a href=\"https:\/\/afriquecreative.fr\/wp-content\/uploads\/2019\/10\/photo_2.jpg\"><img fetchpriority=\"high\" decoding=\"async\" width=\"1144\" height=\"2000\" data-id=\"473\" src=\"https:\/\/afriquecreative.fr\/wp-content\/uploads\/2019\/10\/photo_2.jpg\" alt=\"photo_2.jpg\" class=\"wp-image-473\" srcset=\"https:\/\/afriquecreative.fr\/wp-content\/uploads\/2019\/10\/photo_2.jpg 1144w, https:\/\/afriquecreative.fr\/wp-content\/uploads\/2019\/10\/photo_2-172x300.jpg 172w, https:\/\/afriquecreative.fr\/wp-content\/uploads\/2019\/10\/photo_2-586x1024.jpg 586w, https:\/\/afriquecreative.fr\/wp-content\/uploads\/2019\/10\/photo_2-768x1343.jpg 768w, https:\/\/afriquecreative.fr\/wp-content\/uploads\/2019\/10\/photo_2-879x1536.jpg 879w\" sizes=\"(max-width: 1144px) 100vw, 1144px\" \/><\/a><\/figure>\n\n\n\n<figure class=\"wp-block-image size-large\"><a href=\"https:\/\/afriquecreative.fr\/wp-content\/uploads\/2019\/10\/photo_4.jpg\"><img decoding=\"async\" width=\"1343\" height=\"2000\" data-id=\"474\" src=\"https:\/\/afriquecreative.fr\/wp-content\/uploads\/2019\/10\/photo_4.jpg\" alt=\"photo_4.jpg\" class=\"wp-image-474\" srcset=\"https:\/\/afriquecreative.fr\/wp-content\/uploads\/2019\/10\/photo_4.jpg 1343w, https:\/\/afriquecreative.fr\/wp-content\/uploads\/2019\/10\/photo_4-201x300.jpg 201w, https:\/\/afriquecreative.fr\/wp-content\/uploads\/2019\/10\/photo_4-688x1024.jpg 688w, https:\/\/afriquecreative.fr\/wp-content\/uploads\/2019\/10\/photo_4-768x1144.jpg 768w, https:\/\/afriquecreative.fr\/wp-content\/uploads\/2019\/10\/photo_4-1031x1536.jpg 1031w\" sizes=\"(max-width: 1343px) 100vw, 1343px\" \/><\/a><\/figure>\n\n\n\n<figure class=\"wp-block-image size-large\"><a href=\"https:\/\/afriquecreative.fr\/wp-content\/uploads\/2019\/10\/photo_6.jpg\"><img decoding=\"async\" width=\"1142\" height=\"2000\" data-id=\"475\" src=\"https:\/\/afriquecreative.fr\/wp-content\/uploads\/2019\/10\/photo_6.jpg\" alt=\"photo_6.jpg\" class=\"wp-image-475\" srcset=\"https:\/\/afriquecreative.fr\/wp-content\/uploads\/2019\/10\/photo_6.jpg 1142w, https:\/\/afriquecreative.fr\/wp-content\/uploads\/2019\/10\/photo_6-171x300.jpg 171w, https:\/\/afriquecreative.fr\/wp-content\/uploads\/2019\/10\/photo_6-585x1024.jpg 585w, https:\/\/afriquecreative.fr\/wp-content\/uploads\/2019\/10\/photo_6-768x1345.jpg 768w, https:\/\/afriquecreative.fr\/wp-content\/uploads\/2019\/10\/photo_6-877x1536.jpg 877w\" sizes=\"(max-width: 1142px) 100vw, 1142px\" \/><\/a><\/figure>\n\n\n\n<figure class=\"wp-block-image size-large\"><a href=\"https:\/\/afriquecreative.fr\/wp-content\/uploads\/2019\/10\/photo.jpg\"><img loading=\"lazy\" decoding=\"async\" width=\"1353\" height=\"2000\" data-id=\"476\" src=\"https:\/\/afriquecreative.fr\/wp-content\/uploads\/2019\/10\/photo.jpg\" alt=\"photo.jpg\" class=\"wp-image-476\" srcset=\"https:\/\/afriquecreative.fr\/wp-content\/uploads\/2019\/10\/photo.jpg 1353w, https:\/\/afriquecreative.fr\/wp-content\/uploads\/2019\/10\/photo-203x300.jpg 203w, https:\/\/afriquecreative.fr\/wp-content\/uploads\/2019\/10\/photo-693x1024.jpg 693w, https:\/\/afriquecreative.fr\/wp-content\/uploads\/2019\/10\/photo-768x1135.jpg 768w, https:\/\/afriquecreative.fr\/wp-content\/uploads\/2019\/10\/photo-1039x1536.jpg 1039w\" sizes=\"(max-width: 1353px) 100vw, 1353px\" \/><\/a><\/figure>\n\n\n\n<figure class=\"wp-block-image size-large\"><a href=\"https:\/\/afriquecreative.fr\/wp-content\/uploads\/2020\/02\/43629407_1705468056224842_7543402429497212928_n.jpg\"><img loading=\"lazy\" decoding=\"async\" width=\"748\" height=\"960\" data-id=\"477\" src=\"https:\/\/afriquecreative.fr\/wp-content\/uploads\/2020\/02\/43629407_1705468056224842_7543402429497212928_n.jpg\" alt=\"43629407_1705468056224842_7543402429497212928_n.jpg\" class=\"wp-image-477\" srcset=\"https:\/\/afriquecreative.fr\/wp-content\/uploads\/2020\/02\/43629407_1705468056224842_7543402429497212928_n.jpg 748w, https:\/\/afriquecreative.fr\/wp-content\/uploads\/2020\/02\/43629407_1705468056224842_7543402429497212928_n-234x300.jpg 234w\" sizes=\"(max-width: 748px) 100vw, 748px\" \/><\/a><\/figure>\n\n\n\n<figure class=\"wp-block-image size-large\"><a href=\"https:\/\/afriquecreative.fr\/wp-content\/uploads\/2020\/02\/71037544_2212282872210022_7655443209828433920_n.jpg\"><img loading=\"lazy\" decoding=\"async\" width=\"466\" height=\"960\" data-id=\"478\" src=\"https:\/\/afriquecreative.fr\/wp-content\/uploads\/2020\/02\/71037544_2212282872210022_7655443209828433920_n.jpg\" alt=\"71037544_2212282872210022_7655443209828433920_n.jpg\" class=\"wp-image-478\" srcset=\"https:\/\/afriquecreative.fr\/wp-content\/uploads\/2020\/02\/71037544_2212282872210022_7655443209828433920_n.jpg 466w, https:\/\/afriquecreative.fr\/wp-content\/uploads\/2020\/02\/71037544_2212282872210022_7655443209828433920_n-146x300.jpg 146w\" sizes=\"(max-width: 466px) 100vw, 466px\" \/><\/a><\/figure>\n\n\n\n<figure class=\"wp-block-image size-large\"><a href=\"https:\/\/afriquecreative.fr\/wp-content\/uploads\/2020\/02\/31369359_1476754732429510_4116167579834253312_n.jpg\"><img loading=\"lazy\" decoding=\"async\" width=\"719\" height=\"960\" data-id=\"479\" src=\"https:\/\/afriquecreative.fr\/wp-content\/uploads\/2020\/02\/31369359_1476754732429510_4116167579834253312_n.jpg\" alt=\"31369359_1476754732429510_4116167579834253312_n.jpg\" class=\"wp-image-479\" srcset=\"https:\/\/afriquecreative.fr\/wp-content\/uploads\/2020\/02\/31369359_1476754732429510_4116167579834253312_n.jpg 719w, https:\/\/afriquecreative.fr\/wp-content\/uploads\/2020\/02\/31369359_1476754732429510_4116167579834253312_n-225x300.jpg 225w\" sizes=\"(max-width: 719px) 100vw, 719px\" \/><\/a><\/figure>\n\n\n\n<figure class=\"wp-block-image size-large\"><a href=\"https:\/\/afriquecreative.fr\/wp-content\/uploads\/2020\/02\/19958969_1216789958425990_6452856609943136573_n.jpg\"><img loading=\"lazy\" decoding=\"async\" width=\"720\" height=\"727\" data-id=\"480\" src=\"https:\/\/afriquecreative.fr\/wp-content\/uploads\/2020\/02\/19958969_1216789958425990_6452856609943136573_n.jpg\" alt=\"19958969_1216789958425990_6452856609943136573_n.jpg\" class=\"wp-image-480\" srcset=\"https:\/\/afriquecreative.fr\/wp-content\/uploads\/2020\/02\/19958969_1216789958425990_6452856609943136573_n.jpg 720w, https:\/\/afriquecreative.fr\/wp-content\/uploads\/2020\/02\/19958969_1216789958425990_6452856609943136573_n-297x300.jpg 297w, https:\/\/afriquecreative.fr\/wp-content\/uploads\/2020\/02\/19958969_1216789958425990_6452856609943136573_n-150x150.jpg 150w\" sizes=\"(max-width: 720px) 100vw, 720px\" \/><\/a><\/figure>\n\n\n\n<figure class=\"wp-block-image size-large\"><a href=\"https:\/\/afriquecreative.fr\/wp-content\/uploads\/2020\/02\/31564270_1479343185503998_261156749153665024_n.jpg\"><img loading=\"lazy\" decoding=\"async\" width=\"641\" height=\"960\" data-id=\"481\" src=\"https:\/\/afriquecreative.fr\/wp-content\/uploads\/2020\/02\/31564270_1479343185503998_261156749153665024_n.jpg\" alt=\"31564270_1479343185503998_261156749153665024_n.jpg\" class=\"wp-image-481\" srcset=\"https:\/\/afriquecreative.fr\/wp-content\/uploads\/2020\/02\/31564270_1479343185503998_261156749153665024_n.jpg 641w, https:\/\/afriquecreative.fr\/wp-content\/uploads\/2020\/02\/31564270_1479343185503998_261156749153665024_n-200x300.jpg 200w\" sizes=\"(max-width: 641px) 100vw, 641px\" \/><\/a><\/figure>\n\n\n\n<figure class=\"wp-block-image size-large\"><a href=\"https:\/\/afriquecreative.fr\/wp-content\/uploads\/2020\/02\/84176530_2473490859422554_1662688557334003712_n.jpg\"><img loading=\"lazy\" decoding=\"async\" width=\"464\" height=\"808\" data-id=\"482\" src=\"https:\/\/afriquecreative.fr\/wp-content\/uploads\/2020\/02\/84176530_2473490859422554_1662688557334003712_n.jpg\" alt=\"84176530_2473490859422554_1662688557334003712_n.jpg\" class=\"wp-image-482\" srcset=\"https:\/\/afriquecreative.fr\/wp-content\/uploads\/2020\/02\/84176530_2473490859422554_1662688557334003712_n.jpg 464w, https:\/\/afriquecreative.fr\/wp-content\/uploads\/2020\/02\/84176530_2473490859422554_1662688557334003712_n-172x300.jpg 172w\" sizes=\"(max-width: 464px) 100vw, 464px\" \/><\/a><\/figure>\n\n\n\n<figure class=\"wp-block-image size-large\"><a href=\"https:\/\/afriquecreative.fr\/wp-content\/uploads\/2020\/02\/22405785_1293814517390200_1109183819974210024_n.jpg\"><img loading=\"lazy\" decoding=\"async\" width=\"960\" height=\"638\" data-id=\"483\" src=\"https:\/\/afriquecreative.fr\/wp-content\/uploads\/2020\/02\/22405785_1293814517390200_1109183819974210024_n.jpg\" alt=\"22405785_1293814517390200_1109183819974210024_n.jpg\" class=\"wp-image-483\" srcset=\"https:\/\/afriquecreative.fr\/wp-content\/uploads\/2020\/02\/22405785_1293814517390200_1109183819974210024_n.jpg 960w, https:\/\/afriquecreative.fr\/wp-content\/uploads\/2020\/02\/22405785_1293814517390200_1109183819974210024_n-300x199.jpg 300w, https:\/\/afriquecreative.fr\/wp-content\/uploads\/2020\/02\/22405785_1293814517390200_1109183819974210024_n-768x510.jpg 768w\" sizes=\"(max-width: 960px) 100vw, 960px\" \/><\/a><\/figure>\n\n\n\n<figure class=\"wp-block-image size-large\"><a href=\"https:\/\/afriquecreative.fr\/wp-content\/uploads\/2020\/02\/46467785_1736189363152711_687001657040437248_o.jpg\"><img loading=\"lazy\" decoding=\"async\" width=\"1000\" height=\"714\" data-id=\"484\" src=\"https:\/\/afriquecreative.fr\/wp-content\/uploads\/2020\/02\/46467785_1736189363152711_687001657040437248_o.jpg\" alt=\"46467785_1736189363152711_687001657040437248_o.jpg\" class=\"wp-image-484\" srcset=\"https:\/\/afriquecreative.fr\/wp-content\/uploads\/2020\/02\/46467785_1736189363152711_687001657040437248_o.jpg 1000w, https:\/\/afriquecreative.fr\/wp-content\/uploads\/2020\/02\/46467785_1736189363152711_687001657040437248_o-300x214.jpg 300w, https:\/\/afriquecreative.fr\/wp-content\/uploads\/2020\/02\/46467785_1736189363152711_687001657040437248_o-768x548.jpg 768w\" sizes=\"(max-width: 1000px) 100vw, 1000px\" \/><\/a><\/figure>\n<\/figure>","protected":false},"excerpt":{"rendered":"<p>Le porteur de projet&nbsp;&nbsp; Touch\u00e9 par la passion de la mode d\u00e8s l\u2019enfance, S\u00e9bastien Bazemo, dit Bazem\u2019sSe, s\u2019est rapidement distingu\u00e9. Aujourd\u2019hui, il est devenu un styliste de r\u00e9f\u00e9rence en Afrique. Entrepreneur dans l\u2019\u00e2me, exigeant et cr\u00e9atif, il ambitionne de professionnaliser son entreprise afin que sa marque soit reconnue internationalement. Sa motivation principale est de faire [&hellip;]<\/p>\n","protected":false},"author":1,"featured_media":472,"comment_status":"closed","ping_status":"open","sticky":false,"template":"","format":"standard","meta":{"_acf_changed":false,"footnotes":""},"categories":[19,17],"tags":[82,32],"class_list":["post-104","post","type-post","status-publish","format-standard","has-post-thumbnail","hentry","category-appel-a-candidatures-2019","category-les-entrepreneurs","tag-82","tag-burkina-faso"],"acf":[],"yoast_head":"<!-- This site is optimized with the Yoast SEO plugin v27.4 - https:\/\/yoast.com\/product\/yoast-seo-wordpress\/ -->\n<title>S\u00e9bastien BAZEMO - Afrique cr\u00e9ative<\/title>\n<meta name=\"robots\" content=\"index, follow, max-snippet:-1, max-image-preview:large, max-video-preview:-1\" \/>\n<link rel=\"canonical\" href=\"https:\/\/afriquecreative.fr\/en\/sebastien-bazemo\/\" \/>\n<meta property=\"og:locale\" content=\"en_GB\" \/>\n<meta property=\"og:type\" content=\"article\" \/>\n<meta property=\"og:title\" content=\"S\u00e9bastien BAZEMO - Afrique cr\u00e9ative\" \/>\n<meta property=\"og:description\" content=\"Le porteur de projet&nbsp;&nbsp; Touch\u00e9 par la passion de la mode d\u00e8s l\u2019enfance, S\u00e9bastien Bazemo, dit Bazem\u2019sSe, s\u2019est rapidement distingu\u00e9. Aujourd\u2019hui, il est devenu un styliste de r\u00e9f\u00e9rence en Afrique. Entrepreneur dans l\u2019\u00e2me, exigeant et cr\u00e9atif, il ambitionne de professionnaliser son entreprise afin que sa marque soit reconnue internationalement. Sa motivation principale est de faire [&hellip;]\" \/>\n<meta property=\"og:url\" content=\"https:\/\/afriquecreative.fr\/en\/sebastien-bazemo\/\" \/>\n<meta property=\"og:site_name\" content=\"Afrique cr\u00e9ative\" \/>\n<meta property=\"article:publisher\" content=\"https:\/\/www.facebook.com\/afriquecreative\/\" \/>\n<meta property=\"article:published_time\" content=\"2019-10-04T14:12:26+00:00\" \/>\n<meta property=\"article:modified_time\" content=\"2022-03-18T15:05:01+00:00\" \/>\n<meta property=\"og:image\" content=\"https:\/\/afriquecreative.fr\/wp-content\/uploads\/2019\/10\/arton104.jpg\" \/>\n\t<meta property=\"og:image:width\" content=\"2424\" \/>\n\t<meta property=\"og:image:height\" content=\"1954\" \/>\n\t<meta property=\"og:image:type\" content=\"image\/jpeg\" \/>\n<meta name=\"author\" content=\"Banlieues\" \/>\n<meta name=\"twitter:card\" content=\"summary_large_image\" \/>\n<meta name=\"twitter:label1\" content=\"Written by\" \/>\n\t<meta name=\"twitter:data1\" content=\"Banlieues\" \/>\n\t<meta name=\"twitter:label2\" content=\"Estimated reading time\" \/>\n\t<meta name=\"twitter:data2\" content=\"5 minutes\" \/>\n<script type=\"application\/ld+json\" class=\"yoast-schema-graph\">{\"@context\":\"https:\\\/\\\/schema.org\",\"@graph\":[{\"@type\":\"Article\",\"@id\":\"https:\\\/\\\/afriquecreative.fr\\\/sebastien-bazemo\\\/#article\",\"isPartOf\":{\"@id\":\"https:\\\/\\\/afriquecreative.fr\\\/sebastien-bazemo\\\/\"},\"author\":{\"name\":\"Banlieues\",\"@id\":\"http:\\\/\\\/afriquecreative.fr\\\/#\\\/schema\\\/person\\\/4239966c16afaf300e932cddd8c742d5\"},\"headline\":\"S\u00e9bastien BAZEMO\",\"datePublished\":\"2019-10-04T14:12:26+00:00\",\"dateModified\":\"2022-03-18T15:05:01+00:00\",\"mainEntityOfPage\":{\"@id\":\"https:\\\/\\\/afriquecreative.fr\\\/sebastien-bazemo\\\/\"},\"wordCount\":459,\"publisher\":{\"@id\":\"http:\\\/\\\/afriquecreative.fr\\\/#organization\"},\"image\":{\"@id\":\"https:\\\/\\\/afriquecreative.fr\\\/sebastien-bazemo\\\/#primaryimage\"},\"thumbnailUrl\":\"https:\\\/\\\/afriquecreative.fr\\\/wp-content\\\/uploads\\\/2019\\\/10\\\/arton104.jpg\",\"keywords\":[\"2019\",\"BURKINA FASO\"],\"articleSection\":[\"Appel 2019\",\"Les entrepreneurs\"],\"inLanguage\":\"en-GB\"},{\"@type\":\"WebPage\",\"@id\":\"https:\\\/\\\/afriquecreative.fr\\\/sebastien-bazemo\\\/\",\"url\":\"https:\\\/\\\/afriquecreative.fr\\\/sebastien-bazemo\\\/\",\"name\":\"S\u00e9bastien BAZEMO - Afrique cr\u00e9ative\",\"isPartOf\":{\"@id\":\"http:\\\/\\\/afriquecreative.fr\\\/#website\"},\"primaryImageOfPage\":{\"@id\":\"https:\\\/\\\/afriquecreative.fr\\\/sebastien-bazemo\\\/#primaryimage\"},\"image\":{\"@id\":\"https:\\\/\\\/afriquecreative.fr\\\/sebastien-bazemo\\\/#primaryimage\"},\"thumbnailUrl\":\"https:\\\/\\\/afriquecreative.fr\\\/wp-content\\\/uploads\\\/2019\\\/10\\\/arton104.jpg\",\"datePublished\":\"2019-10-04T14:12:26+00:00\",\"dateModified\":\"2022-03-18T15:05:01+00:00\",\"breadcrumb\":{\"@id\":\"https:\\\/\\\/afriquecreative.fr\\\/sebastien-bazemo\\\/#breadcrumb\"},\"inLanguage\":\"en-GB\",\"potentialAction\":[{\"@type\":\"ReadAction\",\"target\":[\"https:\\\/\\\/afriquecreative.fr\\\/sebastien-bazemo\\\/\"]}]},{\"@type\":\"ImageObject\",\"inLanguage\":\"en-GB\",\"@id\":\"https:\\\/\\\/afriquecreative.fr\\\/sebastien-bazemo\\\/#primaryimage\",\"url\":\"https:\\\/\\\/afriquecreative.fr\\\/wp-content\\\/uploads\\\/2019\\\/10\\\/arton104.jpg\",\"contentUrl\":\"https:\\\/\\\/afriquecreative.fr\\\/wp-content\\\/uploads\\\/2019\\\/10\\\/arton104.jpg\",\"width\":2424,\"height\":1954},{\"@type\":\"BreadcrumbList\",\"@id\":\"https:\\\/\\\/afriquecreative.fr\\\/sebastien-bazemo\\\/#breadcrumb\",\"itemListElement\":[{\"@type\":\"ListItem\",\"position\":1,\"name\":\"Accueil\",\"item\":\"http:\\\/\\\/afriquecreative.fr\\\/\"},{\"@type\":\"ListItem\",\"position\":2,\"name\":\"S\u00e9bastien BAZEMO\"}]},{\"@type\":\"WebSite\",\"@id\":\"http:\\\/\\\/afriquecreative.fr\\\/#website\",\"url\":\"http:\\\/\\\/afriquecreative.fr\\\/\",\"name\":\"Afrique cr\u00e9ative\",\"description\":\"Partenaire de talents\",\"publisher\":{\"@id\":\"http:\\\/\\\/afriquecreative.fr\\\/#organization\"},\"potentialAction\":[{\"@type\":\"SearchAction\",\"target\":{\"@type\":\"EntryPoint\",\"urlTemplate\":\"http:\\\/\\\/afriquecreative.fr\\\/?s={search_term_string}\"},\"query-input\":{\"@type\":\"PropertyValueSpecification\",\"valueRequired\":true,\"valueName\":\"search_term_string\"}}],\"inLanguage\":\"en-GB\"},{\"@type\":\"Organization\",\"@id\":\"http:\\\/\\\/afriquecreative.fr\\\/#organization\",\"name\":\"Afrique Cr\u00e9ative\",\"url\":\"http:\\\/\\\/afriquecreative.fr\\\/\",\"logo\":{\"@type\":\"ImageObject\",\"inLanguage\":\"en-GB\",\"@id\":\"http:\\\/\\\/afriquecreative.fr\\\/#\\\/schema\\\/logo\\\/image\\\/\",\"url\":\"https:\\\/\\\/afriquecreative.fr\\\/wp-content\\\/uploads\\\/2021\\\/04\\\/logo-lg.svg\",\"contentUrl\":\"https:\\\/\\\/afriquecreative.fr\\\/wp-content\\\/uploads\\\/2021\\\/04\\\/logo-lg.svg\",\"width\":1,\"height\":1,\"caption\":\"Afrique Cr\u00e9ative\"},\"image\":{\"@id\":\"http:\\\/\\\/afriquecreative.fr\\\/#\\\/schema\\\/logo\\\/image\\\/\"},\"sameAs\":[\"https:\\\/\\\/www.facebook.com\\\/afriquecreative\\\/\",\"https:\\\/\\\/www.instagram.com\\\/afrique.creative\\\/?hl=en\"]},{\"@type\":\"Person\",\"@id\":\"http:\\\/\\\/afriquecreative.fr\\\/#\\\/schema\\\/person\\\/4239966c16afaf300e932cddd8c742d5\",\"name\":\"Banlieues\",\"image\":{\"@type\":\"ImageObject\",\"inLanguage\":\"en-GB\",\"@id\":\"https:\\\/\\\/secure.gravatar.com\\\/avatar\\\/d9690f133eefb87e337f60b73e7e378640d0ec803aed301f3b6f1c660b1e7493?s=96&d=mm&r=g\",\"url\":\"https:\\\/\\\/secure.gravatar.com\\\/avatar\\\/d9690f133eefb87e337f60b73e7e378640d0ec803aed301f3b6f1c660b1e7493?s=96&d=mm&r=g\",\"contentUrl\":\"https:\\\/\\\/secure.gravatar.com\\\/avatar\\\/d9690f133eefb87e337f60b73e7e378640d0ec803aed301f3b6f1c660b1e7493?s=96&d=mm&r=g\",\"caption\":\"Banlieues\"},\"url\":\"https:\\\/\\\/afriquecreative.fr\\\/en\\\/author\\\/banlieues\\\/\"}]}<\/script>\n<!-- \/ Yoast SEO plugin. -->","yoast_head_json":{"title":"S\u00e9bastien BAZEMO - Creative Africa","robots":{"index":"index","follow":"follow","max-snippet":"max-snippet:-1","max-image-preview":"max-image-preview:large","max-video-preview":"max-video-preview:-1"},"canonical":"https:\/\/afriquecreative.fr\/en\/sebastien-bazemo\/","og_locale":"en_GB","og_type":"article","og_title":"S\u00e9bastien BAZEMO - Afrique cr\u00e9ative","og_description":"Le porteur de projet&nbsp;&nbsp; Touch\u00e9 par la passion de la mode d\u00e8s l\u2019enfance, S\u00e9bastien Bazemo, dit Bazem\u2019sSe, s\u2019est rapidement distingu\u00e9. Aujourd\u2019hui, il est devenu un styliste de r\u00e9f\u00e9rence en Afrique. Entrepreneur dans l\u2019\u00e2me, exigeant et cr\u00e9atif, il ambitionne de professionnaliser son entreprise afin que sa marque soit reconnue internationalement. Sa motivation principale est de faire [&hellip;]","og_url":"https:\/\/afriquecreative.fr\/en\/sebastien-bazemo\/","og_site_name":"Afrique cr\u00e9ative","article_publisher":"https:\/\/www.facebook.com\/afriquecreative\/","article_published_time":"2019-10-04T14:12:26+00:00","article_modified_time":"2022-03-18T15:05:01+00:00","og_image":[{"width":2424,"height":1954,"url":"https:\/\/afriquecreative.fr\/wp-content\/uploads\/2019\/10\/arton104.jpg","type":"image\/jpeg"}],"author":"Banlieues","twitter_card":"summary_large_image","twitter_misc":{"Written by":"Banlieues","Estimated reading time":"5 minutes"},"schema":{"@context":"https:\/\/schema.org","@graph":[{"@type":"Article","@id":"https:\/\/afriquecreative.fr\/sebastien-bazemo\/#article","isPartOf":{"@id":"https:\/\/afriquecreative.fr\/sebastien-bazemo\/"},"author":{"name":"Banlieues","@id":"http:\/\/afriquecreative.fr\/#\/schema\/person\/4239966c16afaf300e932cddd8c742d5"},"headline":"S\u00e9bastien BAZEMO","datePublished":"2019-10-04T14:12:26+00:00","dateModified":"2022-03-18T15:05:01+00:00","mainEntityOfPage":{"@id":"https:\/\/afriquecreative.fr\/sebastien-bazemo\/"},"wordCount":459,"publisher":{"@id":"http:\/\/afriquecreative.fr\/#organization"},"image":{"@id":"https:\/\/afriquecreative.fr\/sebastien-bazemo\/#primaryimage"},"thumbnailUrl":"https:\/\/afriquecreative.fr\/wp-content\/uploads\/2019\/10\/arton104.jpg","keywords":["2019","BURKINA FASO"],"articleSection":["Appel 2019","Les entrepreneurs"],"inLanguage":"en-GB"},{"@type":"WebPage","@id":"https:\/\/afriquecreative.fr\/sebastien-bazemo\/","url":"https:\/\/afriquecreative.fr\/sebastien-bazemo\/","name":"S\u00e9bastien BAZEMO - Creative Africa","isPartOf":{"@id":"http:\/\/afriquecreative.fr\/#website"},"primaryImageOfPage":{"@id":"https:\/\/afriquecreative.fr\/sebastien-bazemo\/#primaryimage"},"image":{"@id":"https:\/\/afriquecreative.fr\/sebastien-bazemo\/#primaryimage"},"thumbnailUrl":"https:\/\/afriquecreative.fr\/wp-content\/uploads\/2019\/10\/arton104.jpg","datePublished":"2019-10-04T14:12:26+00:00","dateModified":"2022-03-18T15:05:01+00:00","breadcrumb":{"@id":"https:\/\/afriquecreative.fr\/sebastien-bazemo\/#breadcrumb"},"inLanguage":"en-GB","potentialAction":[{"@type":"ReadAction","target":["https:\/\/afriquecreative.fr\/sebastien-bazemo\/"]}]},{"@type":"ImageObject","inLanguage":"en-GB","@id":"https:\/\/afriquecreative.fr\/sebastien-bazemo\/#primaryimage","url":"https:\/\/afriquecreative.fr\/wp-content\/uploads\/2019\/10\/arton104.jpg","contentUrl":"https:\/\/afriquecreative.fr\/wp-content\/uploads\/2019\/10\/arton104.jpg","width":2424,"height":1954},{"@type":"BreadcrumbList","@id":"https:\/\/afriquecreative.fr\/sebastien-bazemo\/#breadcrumb","itemListElement":[{"@type":"ListItem","position":1,"name":"Accueil","item":"http:\/\/afriquecreative.fr\/"},{"@type":"ListItem","position":2,"name":"S\u00e9bastien BAZEMO"}]},{"@type":"WebSite","@id":"http:\/\/afriquecreative.fr\/#website","url":"http:\/\/afriquecreative.fr\/","name":"Creative Africa","description":"Talent Partner","publisher":{"@id":"http:\/\/afriquecreative.fr\/#organization"},"potentialAction":[{"@type":"SearchAction","target":{"@type":"EntryPoint","urlTemplate":"http:\/\/afriquecreative.fr\/?s={search_term_string}"},"query-input":{"@type":"PropertyValueSpecification","valueRequired":true,"valueName":"search_term_string"}}],"inLanguage":"en-GB"},{"@type":"Organization","@id":"http:\/\/afriquecreative.fr\/#organization","name":"Creative Africa","url":"http:\/\/afriquecreative.fr\/","logo":{"@type":"ImageObject","inLanguage":"en-GB","@id":"http:\/\/afriquecreative.fr\/#\/schema\/logo\/image\/","url":"https:\/\/afriquecreative.fr\/wp-content\/uploads\/2021\/04\/logo-lg.svg","contentUrl":"https:\/\/afriquecreative.fr\/wp-content\/uploads\/2021\/04\/logo-lg.svg","width":1,"height":1,"caption":"Afrique Cr\u00e9ative"},"image":{"@id":"http:\/\/afriquecreative.fr\/#\/schema\/logo\/image\/"},"sameAs":["https:\/\/www.facebook.com\/afriquecreative\/","https:\/\/www.instagram.com\/afrique.creative\/?hl=en"]},{"@type":"Person","@id":"http:\/\/afriquecreative.fr\/#\/schema\/person\/4239966c16afaf300e932cddd8c742d5","name":"Suburbs","image":{"@type":"ImageObject","inLanguage":"en-GB","@id":"https:\/\/secure.gravatar.com\/avatar\/d9690f133eefb87e337f60b73e7e378640d0ec803aed301f3b6f1c660b1e7493?s=96&d=mm&r=g","url":"https:\/\/secure.gravatar.com\/avatar\/d9690f133eefb87e337f60b73e7e378640d0ec803aed301f3b6f1c660b1e7493?s=96&d=mm&r=g","contentUrl":"https:\/\/secure.gravatar.com\/avatar\/d9690f133eefb87e337f60b73e7e378640d0ec803aed301f3b6f1c660b1e7493?s=96&d=mm&r=g","caption":"Banlieues"},"url":"https:\/\/afriquecreative.fr\/en\/author\/banlieues\/"}]}},"_links":{"self":[{"href":"https:\/\/afriquecreative.fr\/en\/wp-json\/wp\/v2\/posts\/104","targetHints":{"allow":["GET"]}}],"collection":[{"href":"https:\/\/afriquecreative.fr\/en\/wp-json\/wp\/v2\/posts"}],"about":[{"href":"https:\/\/afriquecreative.fr\/en\/wp-json\/wp\/v2\/types\/post"}],"author":[{"embeddable":true,"href":"https:\/\/afriquecreative.fr\/en\/wp-json\/wp\/v2\/users\/1"}],"replies":[{"embeddable":true,"href":"https:\/\/afriquecreative.fr\/en\/wp-json\/wp\/v2\/comments?post=104"}],"version-history":[{"count":0,"href":"https:\/\/afriquecreative.fr\/en\/wp-json\/wp\/v2\/posts\/104\/revisions"}],"wp:featuredmedia":[{"embeddable":true,"href":"https:\/\/afriquecreative.fr\/en\/wp-json\/wp\/v2\/media\/472"}],"wp:attachment":[{"href":"https:\/\/afriquecreative.fr\/en\/wp-json\/wp\/v2\/media?parent=104"}],"wp:term":[{"taxonomy":"category","embeddable":true,"href":"https:\/\/afriquecreative.fr\/en\/wp-json\/wp\/v2\/categories?post=104"},{"taxonomy":"post_tag","embeddable":true,"href":"https:\/\/afriquecreative.fr\/en\/wp-json\/wp\/v2\/tags?post=104"}],"curies":[{"name":"wp","href":"https:\/\/api.w.org\/{rel}","templated":true}]}}