{"id":151,"date":"2020-09-16T16:32:36","date_gmt":"2020-09-16T16:32:36","guid":{"rendered":"https:\/\/demop.netbaz.be\/2021\/afriquecreative\/2020\/09\/16\/une-course-a-la-creativite-et-au\/"},"modified":"2022-01-26T15:49:49","modified_gmt":"2022-01-26T15:49:49","slug":"a-race-for-creativity-and","status":"publish","type":"post","link":"https:\/\/afriquecreative.fr\/en\/une-course-a-la-creativite-et-au\/","title":{"rendered":"A race for creativity and development for entrepreneurs"},"content":{"rendered":"<h2><strong>A vos marques\u2026 : des entrepreneurs dans les starting blocks.<\/strong><\/h2>\n<ul>\n<li>Les entrepreneurs burkinab\u00e8 ont tous les deux finalis\u00e9s <strong>la refonte de leurs identit\u00e9s visuelles<\/strong> afin de la faire correspondre aux produits haute gamme qu\u2019ils proposent. Nous vous pr\u00e9sentons donc <strong><a href=\"https:\/\/www.facebook.com\/Kaala.africa\/\" target=\"_blank\" rel=\"noopener noreferrer nofollow\">Kaala<\/a><\/strong> anciennement Kalanexpo et <strong><a href=\"https:\/\/www.facebook.com\/SebastienBazemoOfficiel\" target=\"_blank\" rel=\"noopener noreferrer nofollow\">S\u00e9bastien Bazemo <\/a><\/strong>autrefois Bazem\u2019se. C\u2019est \u00e0 travers leur nouvelle marque qu\u2019ils comptent faire voyager leur savoir-faire et leurs id\u00e9aux au sein et au-del\u00e0 des fronti\u00e8res du Burkina Faso.<\/li>\n<\/ul>\n<ul>\n<li><strong><a href=\"https:\/\/www.facebook.com\/Optimistprod\" target=\"_blank\" rel=\"noopener noreferrer nofollow\">Optimiste Produktions <\/a><\/strong>vient de recevoir son <strong>nouveau mat\u00e9riel son<\/strong>. Un investissement essentiel pour se rapprocher de son objectif : devenir une entreprise de production et d\u2019enregistrement reconnue dans le milieu de l\u2019\u00e9v\u00e8nementiel s\u00e9n\u00e9galais. La structure vient aussi tout juste de commencer son <strong>programme de formation de 1 an<\/strong> aupr\u00e8s de la jeunesse africaine issue des cultures urbaines.<\/li>\n<\/ul>\n<h2><strong>\u2026Pr\u00eats\u2026 : des projets au bord de l\u2019\u00e9closion<\/strong><\/h2>\n<ul>\n<li>L\u2019entreprise <strong><a href=\"art 106\">ANYA<\/a><\/strong>\u00a0a travaill\u00e9 sur tous les fronts : le projet de <strong>sc\u00e8ne mobile<\/strong>, n\u00e9 au cours du confinement, s\u2019implante peu \u00e0 peu dans l\u2019\u00e9cosyst\u00e8me culturel marocain. Entre temps, l\u2019entreprise est parvenue \u00e0 finaliser une premi\u00e8re maquette de son <em> <strong>Anthologie des Rwayes<\/strong> <\/em> pour la soumettre \u00e0 diff\u00e9rents sponsors. Cette Anthologie sera compl\u00e9t\u00e9e par la publication d\u2019un Beau livre.<\/li>\n<\/ul>\n<ul>\n<li><strong>La cr\u00e9ativit\u00e9 ne s\u2019arr\u00eate pas l\u00e0<\/strong> ! <strong><a href=\"art 104\">S\u00e9bastien Bazemo<\/a><\/strong>[\/turquoise], s\u2019est attel\u00e9, \u00e0 la r\u00e9organisation de sa collection de v\u00eatements en Koko-Dunda qui se compose d\u00e9sormais de quatre gammes : <strong>la gamme accessoire, classique, prestige et sur-mesure<\/strong>. C\u2019est dans son nouvel atelier qu\u2019il a pu les pr\u00e9senter \u00e0 son public au cours d\u2019un grand d\u00e9fil\u00e9.<strong> Kaala<\/strong>\u00a0le rejoint dans cet \u00e9lan, en se penchant sur la cr\u00e9ation d\u2019une nouvelle collection de mobilier en bois dess\u00e9ch\u00e9.<\/li>\n<\/ul>\n<ul>\n<li>Les trois derniers mois furent tout aussi fructueux pour <a href=\"art 110\">Ang\u00e8le Diabang<\/a>. Son portefeuille compte d\u00e9sormais <strong>4 sc\u00e9narios en cours de finalisation<\/strong> qui permettront \u00e0 <strong><a href=\"https:\/\/karoninka.com\/\" target=\"_blank\" rel=\"noopener noreferrer nofollow\">Karoninka <\/a><\/strong>de se positionner sur le march\u00e9 du cin\u00e9ma africain et international.<\/li>\n<\/ul>\n<ul>\n<li>Quant \u00e0 <strong><a href=\"http:\/\/crossroadsanimations.com\" target=\"_blank\" rel=\"noopener noreferrer nofollow\">Crossroads<\/a><\/strong>, le COVID ne l\u2019a pas emp\u00each\u00e9 de poursuivre son planning et d\u2019emmener les <strong>3 premiers \u00e9pisodes de sa s\u00e9rie anim\u00e9e Mukago<\/strong> <strong>en post production <\/strong> tout en travaillant \u00e0 la promotion de son univers par la <strong>cr\u00e9ation de spot de sensibilisation<\/strong>.<\/li>\n<\/ul>\n<h2><strong>\u2026Partez ! : les entrepreneurs sur la route du succ\u00e8s<\/strong><\/h2>\n<ul>\n<li>Le COVID n\u2019a pas arr\u00eat\u00e9 l\u2019\u00e9nergie cr\u00e9ative de <strong><a href=\"art 109\">FEZAH <\/a><\/strong>qui a r\u00e9ussi \u00e0 faire vivre la musique live au travers <strong>de shows en ligne <\/strong> en temps de confinement et de distanciation sociale. Gr\u00e2ce \u00e0 ses diff\u00e9rentes applications innovantes : <strong>6 concerts virtuels payants 20 musiciens et accueillant une audience moyenne de 150 personnes, ont pu \u00eatre r\u00e9alis\u00e9s<\/strong> ! Ce qui a permis de donner naissance \u00e0 sa toute nouvelle plateforme : <strong><a href=\"https:\/\/fezah.com\/ui\/landing\" target=\"_blank\" rel=\"noopener noreferrer nofollow\">Live at Fezah<\/a><\/strong> !<\/li>\n<\/ul>\n<ul>\n<li>Le pari de la diversification de son contenu cr\u00e9atif est un succ\u00e8s pour <strong><a href=\"https:\/\/www.facebook.com\/langagesdusud\/\" target=\"_blank\" rel=\"noopener noreferrer nofollow\">Langages du Sud <\/a><\/strong>\u00a0: le pilote de sa toute <strong>nouvelle s\u00e9rie anim\u00e9e en 3D, Lina et Adam,<\/strong> est finalis\u00e9. En parall\u00e8le, <strong>35 capsules audio<\/strong>, mettant en sc\u00e8ne les h\u00e9ros de la s\u00e9rie, <strong>ont \u00e9t\u00e9 diffus\u00e9es aupr\u00e8s de la jeunesse marocaine<\/strong>.<\/li>\n<\/ul>\n<ul>\n<li>La premi\u00e8re \u00e9dition de r\u00e9sidences d\u2019artistes (SP-AIR) sur le th\u00e8me du recyclage, organis\u00e9e par<strong> <a href=\"https:\/\/www.afriartgallery.org\/about-us\/\" target=\"_blank\" rel=\"noopener noreferrer nofollow\">Afriart Gallery<\/a><\/strong>, se conclut par la pr\u00e9sentation des \u0153uvres produites lors de l&#8217; exposition : <strong><a href=\"https:\/\/www.afriartgallery.org\/exhibitions\/imperfections\/\" target=\"_blank\" rel=\"noopener noreferrer nofollow\">(Im)perfections<\/a><\/strong> \u00e0 Kampala. Cette \u00e9dition pr\u00e9sente \u00e9galement un bilan positif : un des laur\u00e9ats est s\u00e9lectionn\u00e9 pour pr\u00e9senter ses \u0153uvres dans <strong>le prochain Salon d\u2019Art africain &#8220;1-54&#8221; de Londres en Octobre<\/strong>. Apr\u00e8s l\u2019organisation des portes ouvertes de sa galerie, <a href=\"https:\/\/afriquecreative.fr\/Daudi-KARUNGI?\">Daudi Karungi<\/a> se lance \u00e0 pr\u00e9sent dans <strong>une deuxi\u00e8me \u00e9dition du projet de r\u00e9sidences<\/strong> qui aura pour th\u00e8me : <strong>&#8220;<a href=\"https:\/\/www.afriartgallery.org\/info\/\" target=\"_blank\" rel=\"noopener noreferrer nofollow\">l\u2019abstraction visuelle<\/a>&#8220;<\/strong>.<\/li>\n<\/ul>\n<p>Ainsi, la crise sanitaire n\u2019a pas arr\u00eat\u00e9 la cr\u00e9ativit\u00e9 des entrepreneurs d\u2019Afrique Cr\u00e9ative et le d\u00e9veloppement de leurs projets. <strong>Ils continuent \u00e0 nous d\u00e9montrer avec force et d\u00e9termination leurs capacit\u00e9s d\u2019innovation <\/strong>! Voil\u00e0 une rentr\u00e9e qui annonce une ann\u00e9e de bon augure.<\/p>\n<p><em>Ne manquez aucune de leurs actualit\u00e9s : suivez Afrique Cr\u00e9ative sur <a href=\"https:\/\/www.facebook.com\/afriquecreative\/\" target=\"_blank\" rel=\"noopener noreferrer nofollow\">Facebook<\/a> et abonnez-vous \u00e0 la <a href=\"https:\/\/afriquecreative.us8.list-manage.com\/subscribe?u=0ab10f58ec651d73e65d1cbd3&amp;id=cf77e663e5\" target=\"_blank\" rel=\"noopener noreferrer nofollow\">newsletter<\/a> !<br \/>\n<\/em><\/p>\n","protected":false},"excerpt":{"rendered":"<p>A vos marques\u2026 : des entrepreneurs dans les starting blocks. Les entrepreneurs burkinab\u00e8 ont tous les deux finalis\u00e9s la refonte de leurs identit\u00e9s visuelles afin de la faire correspondre aux produits haute gamme qu\u2019ils proposent. Nous vous pr\u00e9sentons donc Kaala anciennement Kalanexpo et S\u00e9bastien Bazemo autrefois Bazem\u2019se. C\u2019est \u00e0 travers leur nouvelle marque qu\u2019ils comptent [&hellip;]<\/p>\n","protected":false},"author":6,"featured_media":1245,"comment_status":"closed","ping_status":"open","sticky":false,"template":"","format":"standard","meta":{"_acf_changed":false,"footnotes":""},"categories":[15,19],"tags":[82],"class_list":["post-151","post","type-post","status-publish","format-standard","has-post-thumbnail","hentry","category-news","category-appel-a-candidatures-2019","tag-82"],"acf":[],"yoast_head":"<!-- This site is optimized with the Yoast SEO plugin v27.5 - https:\/\/yoast.com\/product\/yoast-seo-wordpress\/ -->\n<title>Une course \u00e0 la cr\u00e9ativit\u00e9 et au d\u00e9veloppement pour les entrepreneurs - Afrique cr\u00e9ative<\/title>\n<meta name=\"robots\" content=\"index, follow, max-snippet:-1, max-image-preview:large, max-video-preview:-1\" \/>\n<link rel=\"canonical\" href=\"https:\/\/afriquecreative.fr\/en\/a-race-for-creativity-and\/\" \/>\n<meta property=\"og:locale\" content=\"en_GB\" \/>\n<meta property=\"og:type\" content=\"article\" \/>\n<meta property=\"og:title\" content=\"Une course \u00e0 la cr\u00e9ativit\u00e9 et au d\u00e9veloppement pour les entrepreneurs - Afrique cr\u00e9ative\" \/>\n<meta property=\"og:description\" content=\"A vos marques\u2026 : des entrepreneurs dans les starting blocks. Les entrepreneurs burkinab\u00e8 ont tous les deux finalis\u00e9s la refonte de leurs identit\u00e9s visuelles afin de la faire correspondre aux produits haute gamme qu\u2019ils proposent. Nous vous pr\u00e9sentons donc Kaala anciennement Kalanexpo et S\u00e9bastien Bazemo autrefois Bazem\u2019se. C\u2019est \u00e0 travers leur nouvelle marque qu\u2019ils comptent [&hellip;]\" \/>\n<meta property=\"og:url\" content=\"https:\/\/afriquecreative.fr\/en\/a-race-for-creativity-and\/\" \/>\n<meta property=\"og:site_name\" content=\"Afrique cr\u00e9ative\" \/>\n<meta property=\"article:publisher\" content=\"https:\/\/www.facebook.com\/afriquecreative\/\" \/>\n<meta property=\"article:published_time\" content=\"2020-09-16T16:32:36+00:00\" \/>\n<meta property=\"article:modified_time\" content=\"2022-01-26T15:49:49+00:00\" \/>\n<meta property=\"og:image\" content=\"https:\/\/afriquecreative.fr\/wp-content\/uploads\/2020\/09\/arton151.jpg\" \/>\n\t<meta property=\"og:image:width\" content=\"1000\" \/>\n\t<meta property=\"og:image:height\" content=\"480\" \/>\n\t<meta property=\"og:image:type\" content=\"image\/jpeg\" \/>\n<meta name=\"author\" content=\"Africalia asbl\" \/>\n<meta name=\"twitter:card\" content=\"summary_large_image\" \/>\n<meta name=\"twitter:creator\" content=\"@Banlieues\" \/>\n<meta name=\"twitter:label1\" content=\"Written by\" \/>\n\t<meta name=\"twitter:data1\" content=\"Africalia asbl\" \/>\n\t<meta name=\"twitter:label2\" content=\"Estimated reading time\" \/>\n\t<meta name=\"twitter:data2\" content=\"4 minutes\" \/>\n<script type=\"application\/ld+json\" class=\"yoast-schema-graph\">{\"@context\":\"https:\\\/\\\/schema.org\",\"@graph\":[{\"@type\":\"Article\",\"@id\":\"https:\\\/\\\/afriquecreative.fr\\\/une-course-a-la-creativite-et-au\\\/#article\",\"isPartOf\":{\"@id\":\"https:\\\/\\\/afriquecreative.fr\\\/une-course-a-la-creativite-et-au\\\/\"},\"author\":{\"name\":\"Africalia asbl\",\"@id\":\"http:\\\/\\\/afriquecreative.fr\\\/#\\\/schema\\\/person\\\/947368a1408af61ec528c7f96a1771a0\"},\"headline\":\"Une course \u00e0 la cr\u00e9ativit\u00e9 et au d\u00e9veloppement pour les entrepreneurs\",\"datePublished\":\"2020-09-16T16:32:36+00:00\",\"dateModified\":\"2022-01-26T15:49:49+00:00\",\"mainEntityOfPage\":{\"@id\":\"https:\\\/\\\/afriquecreative.fr\\\/une-course-a-la-creativite-et-au\\\/\"},\"wordCount\":714,\"publisher\":{\"@id\":\"http:\\\/\\\/afriquecreative.fr\\\/#organization\"},\"image\":{\"@id\":\"https:\\\/\\\/afriquecreative.fr\\\/une-course-a-la-creativite-et-au\\\/#primaryimage\"},\"thumbnailUrl\":\"https:\\\/\\\/afriquecreative.fr\\\/wp-content\\\/uploads\\\/2020\\\/09\\\/arton151.jpg\",\"keywords\":[\"2019\"],\"articleSection\":[\"Actualit\u00e9s\",\"Appel 2019\"],\"inLanguage\":\"en-GB\"},{\"@type\":\"WebPage\",\"@id\":\"https:\\\/\\\/afriquecreative.fr\\\/une-course-a-la-creativite-et-au\\\/\",\"url\":\"https:\\\/\\\/afriquecreative.fr\\\/une-course-a-la-creativite-et-au\\\/\",\"name\":\"Une course \u00e0 la cr\u00e9ativit\u00e9 et au d\u00e9veloppement pour les entrepreneurs - Afrique cr\u00e9ative\",\"isPartOf\":{\"@id\":\"http:\\\/\\\/afriquecreative.fr\\\/#website\"},\"primaryImageOfPage\":{\"@id\":\"https:\\\/\\\/afriquecreative.fr\\\/une-course-a-la-creativite-et-au\\\/#primaryimage\"},\"image\":{\"@id\":\"https:\\\/\\\/afriquecreative.fr\\\/une-course-a-la-creativite-et-au\\\/#primaryimage\"},\"thumbnailUrl\":\"https:\\\/\\\/afriquecreative.fr\\\/wp-content\\\/uploads\\\/2020\\\/09\\\/arton151.jpg\",\"datePublished\":\"2020-09-16T16:32:36+00:00\",\"dateModified\":\"2022-01-26T15:49:49+00:00\",\"breadcrumb\":{\"@id\":\"https:\\\/\\\/afriquecreative.fr\\\/une-course-a-la-creativite-et-au\\\/#breadcrumb\"},\"inLanguage\":\"en-GB\",\"potentialAction\":[{\"@type\":\"ReadAction\",\"target\":[\"https:\\\/\\\/afriquecreative.fr\\\/une-course-a-la-creativite-et-au\\\/\"]}]},{\"@type\":\"ImageObject\",\"inLanguage\":\"en-GB\",\"@id\":\"https:\\\/\\\/afriquecreative.fr\\\/une-course-a-la-creativite-et-au\\\/#primaryimage\",\"url\":\"https:\\\/\\\/afriquecreative.fr\\\/wp-content\\\/uploads\\\/2020\\\/09\\\/arton151.jpg\",\"contentUrl\":\"https:\\\/\\\/afriquecreative.fr\\\/wp-content\\\/uploads\\\/2020\\\/09\\\/arton151.jpg\",\"width\":1000,\"height\":480},{\"@type\":\"BreadcrumbList\",\"@id\":\"https:\\\/\\\/afriquecreative.fr\\\/une-course-a-la-creativite-et-au\\\/#breadcrumb\",\"itemListElement\":[{\"@type\":\"ListItem\",\"position\":1,\"name\":\"Accueil\",\"item\":\"http:\\\/\\\/afriquecreative.fr\\\/\"},{\"@type\":\"ListItem\",\"position\":2,\"name\":\"Une course \u00e0 la cr\u00e9ativit\u00e9 et au d\u00e9veloppement pour les entrepreneurs\"}]},{\"@type\":\"WebSite\",\"@id\":\"http:\\\/\\\/afriquecreative.fr\\\/#website\",\"url\":\"http:\\\/\\\/afriquecreative.fr\\\/\",\"name\":\"Afrique cr\u00e9ative\",\"description\":\"Partenaire de talents\",\"publisher\":{\"@id\":\"http:\\\/\\\/afriquecreative.fr\\\/#organization\"},\"potentialAction\":[{\"@type\":\"SearchAction\",\"target\":{\"@type\":\"EntryPoint\",\"urlTemplate\":\"http:\\\/\\\/afriquecreative.fr\\\/?s={search_term_string}\"},\"query-input\":{\"@type\":\"PropertyValueSpecification\",\"valueRequired\":true,\"valueName\":\"search_term_string\"}}],\"inLanguage\":\"en-GB\"},{\"@type\":\"Organization\",\"@id\":\"http:\\\/\\\/afriquecreative.fr\\\/#organization\",\"name\":\"Afrique Cr\u00e9ative\",\"url\":\"http:\\\/\\\/afriquecreative.fr\\\/\",\"logo\":{\"@type\":\"ImageObject\",\"inLanguage\":\"en-GB\",\"@id\":\"http:\\\/\\\/afriquecreative.fr\\\/#\\\/schema\\\/logo\\\/image\\\/\",\"url\":\"https:\\\/\\\/afriquecreative.fr\\\/wp-content\\\/uploads\\\/2021\\\/04\\\/logo-lg.svg\",\"contentUrl\":\"https:\\\/\\\/afriquecreative.fr\\\/wp-content\\\/uploads\\\/2021\\\/04\\\/logo-lg.svg\",\"width\":1,\"height\":1,\"caption\":\"Afrique Cr\u00e9ative\"},\"image\":{\"@id\":\"http:\\\/\\\/afriquecreative.fr\\\/#\\\/schema\\\/logo\\\/image\\\/\"},\"sameAs\":[\"https:\\\/\\\/www.facebook.com\\\/afriquecreative\\\/\",\"https:\\\/\\\/www.instagram.com\\\/afrique.creative\\\/?hl=en\"]},{\"@type\":\"Person\",\"@id\":\"http:\\\/\\\/afriquecreative.fr\\\/#\\\/schema\\\/person\\\/947368a1408af61ec528c7f96a1771a0\",\"name\":\"Africalia asbl\",\"image\":{\"@type\":\"ImageObject\",\"inLanguage\":\"en-GB\",\"@id\":\"https:\\\/\\\/secure.gravatar.com\\\/avatar\\\/1834c043fa4057630f98430888fadf5d2bed443c0bccb88881edc2173dfa1e36?s=96&d=mm&r=g\",\"url\":\"https:\\\/\\\/secure.gravatar.com\\\/avatar\\\/1834c043fa4057630f98430888fadf5d2bed443c0bccb88881edc2173dfa1e36?s=96&d=mm&r=g\",\"contentUrl\":\"https:\\\/\\\/secure.gravatar.com\\\/avatar\\\/1834c043fa4057630f98430888fadf5d2bed443c0bccb88881edc2173dfa1e36?s=96&d=mm&r=g\",\"caption\":\"Africalia asbl\"},\"sameAs\":[\"https:\\\/\\\/x.com\\\/Banlieues\"],\"url\":\"https:\\\/\\\/afriquecreative.fr\\\/en\\\/author\\\/paolo-zanicchiafricalia-be\\\/\"}]}<\/script>\n<!-- \/ Yoast SEO plugin. -->","yoast_head_json":{"title":"A race for creativity and development for entrepreneurs - Creative Africa","robots":{"index":"index","follow":"follow","max-snippet":"max-snippet:-1","max-image-preview":"max-image-preview:large","max-video-preview":"max-video-preview:-1"},"canonical":"https:\/\/afriquecreative.fr\/en\/a-race-for-creativity-and\/","og_locale":"en_GB","og_type":"article","og_title":"Une course \u00e0 la cr\u00e9ativit\u00e9 et au d\u00e9veloppement pour les entrepreneurs - Afrique cr\u00e9ative","og_description":"A vos marques\u2026 : des entrepreneurs dans les starting blocks. Les entrepreneurs burkinab\u00e8 ont tous les deux finalis\u00e9s la refonte de leurs identit\u00e9s visuelles afin de la faire correspondre aux produits haute gamme qu\u2019ils proposent. Nous vous pr\u00e9sentons donc Kaala anciennement Kalanexpo et S\u00e9bastien Bazemo autrefois Bazem\u2019se. C\u2019est \u00e0 travers leur nouvelle marque qu\u2019ils comptent [&hellip;]","og_url":"https:\/\/afriquecreative.fr\/en\/a-race-for-creativity-and\/","og_site_name":"Afrique cr\u00e9ative","article_publisher":"https:\/\/www.facebook.com\/afriquecreative\/","article_published_time":"2020-09-16T16:32:36+00:00","article_modified_time":"2022-01-26T15:49:49+00:00","og_image":[{"width":1000,"height":480,"url":"https:\/\/afriquecreative.fr\/wp-content\/uploads\/2020\/09\/arton151.jpg","type":"image\/jpeg"}],"author":"Africalia asbl","twitter_card":"summary_large_image","twitter_creator":"@Banlieues","twitter_misc":{"Written by":"Africalia asbl","Estimated reading time":"4 minutes"},"schema":{"@context":"https:\/\/schema.org","@graph":[{"@type":"Article","@id":"https:\/\/afriquecreative.fr\/une-course-a-la-creativite-et-au\/#article","isPartOf":{"@id":"https:\/\/afriquecreative.fr\/une-course-a-la-creativite-et-au\/"},"author":{"name":"Africalia asbl","@id":"http:\/\/afriquecreative.fr\/#\/schema\/person\/947368a1408af61ec528c7f96a1771a0"},"headline":"Une course \u00e0 la cr\u00e9ativit\u00e9 et au d\u00e9veloppement pour les entrepreneurs","datePublished":"2020-09-16T16:32:36+00:00","dateModified":"2022-01-26T15:49:49+00:00","mainEntityOfPage":{"@id":"https:\/\/afriquecreative.fr\/une-course-a-la-creativite-et-au\/"},"wordCount":714,"publisher":{"@id":"http:\/\/afriquecreative.fr\/#organization"},"image":{"@id":"https:\/\/afriquecreative.fr\/une-course-a-la-creativite-et-au\/#primaryimage"},"thumbnailUrl":"https:\/\/afriquecreative.fr\/wp-content\/uploads\/2020\/09\/arton151.jpg","keywords":["2019"],"articleSection":["Actualit\u00e9s","Appel 2019"],"inLanguage":"en-GB"},{"@type":"WebPage","@id":"https:\/\/afriquecreative.fr\/une-course-a-la-creativite-et-au\/","url":"https:\/\/afriquecreative.fr\/une-course-a-la-creativite-et-au\/","name":"A race for creativity and development for entrepreneurs - Creative Africa","isPartOf":{"@id":"http:\/\/afriquecreative.fr\/#website"},"primaryImageOfPage":{"@id":"https:\/\/afriquecreative.fr\/une-course-a-la-creativite-et-au\/#primaryimage"},"image":{"@id":"https:\/\/afriquecreative.fr\/une-course-a-la-creativite-et-au\/#primaryimage"},"thumbnailUrl":"https:\/\/afriquecreative.fr\/wp-content\/uploads\/2020\/09\/arton151.jpg","datePublished":"2020-09-16T16:32:36+00:00","dateModified":"2022-01-26T15:49:49+00:00","breadcrumb":{"@id":"https:\/\/afriquecreative.fr\/une-course-a-la-creativite-et-au\/#breadcrumb"},"inLanguage":"en-GB","potentialAction":[{"@type":"ReadAction","target":["https:\/\/afriquecreative.fr\/une-course-a-la-creativite-et-au\/"]}]},{"@type":"ImageObject","inLanguage":"en-GB","@id":"https:\/\/afriquecreative.fr\/une-course-a-la-creativite-et-au\/#primaryimage","url":"https:\/\/afriquecreative.fr\/wp-content\/uploads\/2020\/09\/arton151.jpg","contentUrl":"https:\/\/afriquecreative.fr\/wp-content\/uploads\/2020\/09\/arton151.jpg","width":1000,"height":480},{"@type":"BreadcrumbList","@id":"https:\/\/afriquecreative.fr\/une-course-a-la-creativite-et-au\/#breadcrumb","itemListElement":[{"@type":"ListItem","position":1,"name":"Accueil","item":"http:\/\/afriquecreative.fr\/"},{"@type":"ListItem","position":2,"name":"Une course \u00e0 la cr\u00e9ativit\u00e9 et au d\u00e9veloppement pour les entrepreneurs"}]},{"@type":"WebSite","@id":"http:\/\/afriquecreative.fr\/#website","url":"http:\/\/afriquecreative.fr\/","name":"Creative Africa","description":"Talent Partner","publisher":{"@id":"http:\/\/afriquecreative.fr\/#organization"},"potentialAction":[{"@type":"SearchAction","target":{"@type":"EntryPoint","urlTemplate":"http:\/\/afriquecreative.fr\/?s={search_term_string}"},"query-input":{"@type":"PropertyValueSpecification","valueRequired":true,"valueName":"search_term_string"}}],"inLanguage":"en-GB"},{"@type":"Organization","@id":"http:\/\/afriquecreative.fr\/#organization","name":"Creative Africa","url":"http:\/\/afriquecreative.fr\/","logo":{"@type":"ImageObject","inLanguage":"en-GB","@id":"http:\/\/afriquecreative.fr\/#\/schema\/logo\/image\/","url":"https:\/\/afriquecreative.fr\/wp-content\/uploads\/2021\/04\/logo-lg.svg","contentUrl":"https:\/\/afriquecreative.fr\/wp-content\/uploads\/2021\/04\/logo-lg.svg","width":1,"height":1,"caption":"Afrique Cr\u00e9ative"},"image":{"@id":"http:\/\/afriquecreative.fr\/#\/schema\/logo\/image\/"},"sameAs":["https:\/\/www.facebook.com\/afriquecreative\/","https:\/\/www.instagram.com\/afrique.creative\/?hl=en"]},{"@type":"Person","@id":"http:\/\/afriquecreative.fr\/#\/schema\/person\/947368a1408af61ec528c7f96a1771a0","name":"Africalia asbl","image":{"@type":"ImageObject","inLanguage":"en-GB","@id":"https:\/\/secure.gravatar.com\/avatar\/1834c043fa4057630f98430888fadf5d2bed443c0bccb88881edc2173dfa1e36?s=96&d=mm&r=g","url":"https:\/\/secure.gravatar.com\/avatar\/1834c043fa4057630f98430888fadf5d2bed443c0bccb88881edc2173dfa1e36?s=96&d=mm&r=g","contentUrl":"https:\/\/secure.gravatar.com\/avatar\/1834c043fa4057630f98430888fadf5d2bed443c0bccb88881edc2173dfa1e36?s=96&d=mm&r=g","caption":"Africalia asbl"},"sameAs":["https:\/\/x.com\/Banlieues"],"url":"https:\/\/afriquecreative.fr\/en\/author\/paolo-zanicchiafricalia-be\/"}]}},"_links":{"self":[{"href":"https:\/\/afriquecreative.fr\/en\/wp-json\/wp\/v2\/posts\/151","targetHints":{"allow":["GET"]}}],"collection":[{"href":"https:\/\/afriquecreative.fr\/en\/wp-json\/wp\/v2\/posts"}],"about":[{"href":"https:\/\/afriquecreative.fr\/en\/wp-json\/wp\/v2\/types\/post"}],"author":[{"embeddable":true,"href":"https:\/\/afriquecreative.fr\/en\/wp-json\/wp\/v2\/users\/6"}],"replies":[{"embeddable":true,"href":"https:\/\/afriquecreative.fr\/en\/wp-json\/wp\/v2\/comments?post=151"}],"version-history":[{"count":0,"href":"https:\/\/afriquecreative.fr\/en\/wp-json\/wp\/v2\/posts\/151\/revisions"}],"wp:featuredmedia":[{"embeddable":true,"href":"https:\/\/afriquecreative.fr\/en\/wp-json\/wp\/v2\/media\/1245"}],"wp:attachment":[{"href":"https:\/\/afriquecreative.fr\/en\/wp-json\/wp\/v2\/media?parent=151"}],"wp:term":[{"taxonomy":"category","embeddable":true,"href":"https:\/\/afriquecreative.fr\/en\/wp-json\/wp\/v2\/categories?post=151"},{"taxonomy":"post_tag","embeddable":true,"href":"https:\/\/afriquecreative.fr\/en\/wp-json\/wp\/v2\/tags?post=151"}],"curies":[{"name":"wp","href":"https:\/\/api.w.org\/{rel}","templated":true}]}}