{"id":160,"date":"2020-11-18T13:45:14","date_gmt":"2020-11-18T13:45:14","guid":{"rendered":"https:\/\/demop.netbaz.be\/2021\/afriquecreative\/2020\/11\/18\/bootcamp-2-les-strategies-de\/"},"modified":"2021-05-03T13:54:50","modified_gmt":"2021-05-03T13:54:50","slug":"bootcamp-2-strategies","status":"publish","type":"post","link":"https:\/\/afriquecreative.fr\/en\/bootcamp-2-les-strategies-de\/","title":{"rendered":"Bootcamp 2: scaling strategies"},"content":{"rendered":"<p>This program, financed by<a href=\"https:\/\/www.afd.fr\/fr\" target=\"_blank\" rel=\"noopener noreferrer nofollow\">&#039;AFD<\/a> and implemented by a consortium led by <a href=\"https:\/\/africalia.be\/\" target=\"_blank\" rel=\"noopener noreferrer nofollow\">Africalia<\/a>, aims to promote<strong> structuring<\/strong> of the cultural and creative ecosystem by supporting the development, strengthening of skills and networking of companies in this sector in Africa.<\/p>\n<p>Initially planned for Kampala in Uganda, the format of the \u201cbootcamp\u201d, a week of workshops and exchanges between the nine supported entrepreneurs, the members of the consortium and various stakeholders, had to be adapted taking into account the global health crisis. Participants will therefore meet during<strong> 3 days <\/strong> during a <strong>fully digital bootcamp<\/strong>.<\/p>\n<p><strong>On the menu<\/strong>: establishment of a collective reflection on the <strong>scaling strategies<\/strong> companies in the cohort. Entrepreneurs will have the opportunity to reflect on the challenges that arise on a human, financial and operational level when the company enters the growth phase.<\/p>\n<p><strong>The following questions will be addressed:<\/strong><\/p>\n<ul>\n<li>Is my business ready for a change of scale?<\/li>\n<li>What are the possible obstacles or levers, both on a human and financial level?<\/li>\n<li>What strategy should I adopt to develop my activities sustainably?<\/li>\n<li>How do I prepare for fundraising to finance this move to scale?<\/li>\n<li>What is my trajectory of change since entering the program?<\/li>\n<li>what are my short and medium term development objectives?<\/li>\n<\/ul>\n<p>Between theory, testimonies, sharing of experiences and practice, these times of exchange aim to create a <strong>emulation<\/strong> around shared challenges.<\/p>\n<p>This <strong>digital format<\/strong> imposed by current circumstances represents an opportunity to<strong>adapt<\/strong> the program&#039;s tools for the world of tomorrow.<\/p>\n<p><em>More news from this bootcamp in a few days on our social networks: <a href=\"https:\/\/www.facebook.com\/afriquecreative\" target=\"_blank\" rel=\"noopener noreferrer nofollow\">Creative Africa<\/a> <\/em><\/p>","protected":false},"excerpt":{"rendered":"<p>Ce programme, financ\u00e9 par l\u2019AFD et mis en \u0153uvre par un consortium men\u00e9 par Africalia, vise \u00e0 favoriser la structuration de l\u2019\u00e9cosyst\u00e8me culturel et cr\u00e9atif en accompagnant le d\u00e9veloppement, le renforcement des comp\u00e9tences et la mise en r\u00e9seau des entreprises de ce secteur en Afrique. Initialement pr\u00e9vu \u00e0 Kampala en Ouganda, le format du \u00ab [&hellip;]<\/p>\n","protected":false},"author":6,"featured_media":1255,"comment_status":"closed","ping_status":"open","sticky":false,"template":"","format":"standard","meta":{"_acf_changed":false,"footnotes":""},"categories":[15,19],"tags":[82],"class_list":["post-160","post","type-post","status-publish","format-standard","has-post-thumbnail","hentry","category-news","category-appel-a-candidatures-2019","tag-82"],"acf":[],"yoast_head":"<!-- This site is optimized with the Yoast SEO plugin v27.5 - https:\/\/yoast.com\/product\/yoast-seo-wordpress\/ -->\n<title>Bootcamp 2 : les strat\u00e9gies de passage \u00e0 l&#039;\u00e9chelle - Afrique cr\u00e9ative<\/title>\n<meta name=\"robots\" content=\"index, follow, max-snippet:-1, max-image-preview:large, max-video-preview:-1\" \/>\n<link rel=\"canonical\" href=\"https:\/\/afriquecreative.fr\/en\/bootcamp-2-strategies\/\" \/>\n<meta property=\"og:locale\" content=\"en_GB\" \/>\n<meta property=\"og:type\" content=\"article\" \/>\n<meta property=\"og:title\" content=\"Bootcamp 2 : les strat\u00e9gies de passage \u00e0 l&#039;\u00e9chelle - Afrique cr\u00e9ative\" \/>\n<meta property=\"og:description\" content=\"Ce programme, financ\u00e9 par l\u2019AFD et mis en \u0153uvre par un consortium men\u00e9 par Africalia, vise \u00e0 favoriser la structuration de l\u2019\u00e9cosyst\u00e8me culturel et cr\u00e9atif en accompagnant le d\u00e9veloppement, le renforcement des comp\u00e9tences et la mise en r\u00e9seau des entreprises de ce secteur en Afrique. Initialement pr\u00e9vu \u00e0 Kampala en Ouganda, le format du \u00ab [&hellip;]\" \/>\n<meta property=\"og:url\" content=\"https:\/\/afriquecreative.fr\/en\/bootcamp-2-strategies\/\" \/>\n<meta property=\"og:site_name\" content=\"Afrique cr\u00e9ative\" \/>\n<meta property=\"article:publisher\" content=\"https:\/\/www.facebook.com\/afriquecreative\/\" \/>\n<meta property=\"article:published_time\" content=\"2020-11-18T13:45:14+00:00\" \/>\n<meta property=\"article:modified_time\" content=\"2021-05-03T13:54:50+00:00\" \/>\n<meta property=\"og:image\" content=\"https:\/\/afriquecreative.fr\/wp-content\/uploads\/2020\/11\/arton160.jpg\" \/>\n\t<meta property=\"og:image:width\" content=\"631\" \/>\n\t<meta property=\"og:image:height\" content=\"411\" \/>\n\t<meta property=\"og:image:type\" content=\"image\/jpeg\" \/>\n<meta name=\"author\" content=\"Africalia asbl\" \/>\n<meta name=\"twitter:card\" content=\"summary_large_image\" \/>\n<meta name=\"twitter:creator\" content=\"@Banlieues\" \/>\n<meta name=\"twitter:label1\" content=\"Written by\" \/>\n\t<meta name=\"twitter:data1\" content=\"Africalia asbl\" \/>\n\t<meta name=\"twitter:label2\" content=\"Estimated reading time\" \/>\n\t<meta name=\"twitter:data2\" content=\"2 minutes\" \/>\n<script type=\"application\/ld+json\" class=\"yoast-schema-graph\">{\"@context\":\"https:\\\/\\\/schema.org\",\"@graph\":[{\"@type\":\"Article\",\"@id\":\"https:\\\/\\\/afriquecreative.fr\\\/bootcamp-2-les-strategies-de\\\/#article\",\"isPartOf\":{\"@id\":\"https:\\\/\\\/afriquecreative.fr\\\/bootcamp-2-les-strategies-de\\\/\"},\"author\":{\"name\":\"Africalia asbl\",\"@id\":\"http:\\\/\\\/afriquecreative.fr\\\/#\\\/schema\\\/person\\\/947368a1408af61ec528c7f96a1771a0\"},\"headline\":\"Bootcamp 2 : les strat\u00e9gies de passage \u00e0 l&#8217;\u00e9chelle\",\"datePublished\":\"2020-11-18T13:45:14+00:00\",\"dateModified\":\"2021-05-03T13:54:50+00:00\",\"mainEntityOfPage\":{\"@id\":\"https:\\\/\\\/afriquecreative.fr\\\/bootcamp-2-les-strategies-de\\\/\"},\"wordCount\":320,\"publisher\":{\"@id\":\"http:\\\/\\\/afriquecreative.fr\\\/#organization\"},\"image\":{\"@id\":\"https:\\\/\\\/afriquecreative.fr\\\/bootcamp-2-les-strategies-de\\\/#primaryimage\"},\"thumbnailUrl\":\"https:\\\/\\\/afriquecreative.fr\\\/wp-content\\\/uploads\\\/2020\\\/11\\\/arton160.jpg\",\"keywords\":[\"2019\"],\"articleSection\":[\"Actualit\u00e9s\",\"Appel 2019\"],\"inLanguage\":\"en-GB\"},{\"@type\":\"WebPage\",\"@id\":\"https:\\\/\\\/afriquecreative.fr\\\/bootcamp-2-les-strategies-de\\\/\",\"url\":\"https:\\\/\\\/afriquecreative.fr\\\/bootcamp-2-les-strategies-de\\\/\",\"name\":\"Bootcamp 2 : les strat\u00e9gies de passage \u00e0 l'\u00e9chelle - Afrique cr\u00e9ative\",\"isPartOf\":{\"@id\":\"http:\\\/\\\/afriquecreative.fr\\\/#website\"},\"primaryImageOfPage\":{\"@id\":\"https:\\\/\\\/afriquecreative.fr\\\/bootcamp-2-les-strategies-de\\\/#primaryimage\"},\"image\":{\"@id\":\"https:\\\/\\\/afriquecreative.fr\\\/bootcamp-2-les-strategies-de\\\/#primaryimage\"},\"thumbnailUrl\":\"https:\\\/\\\/afriquecreative.fr\\\/wp-content\\\/uploads\\\/2020\\\/11\\\/arton160.jpg\",\"datePublished\":\"2020-11-18T13:45:14+00:00\",\"dateModified\":\"2021-05-03T13:54:50+00:00\",\"breadcrumb\":{\"@id\":\"https:\\\/\\\/afriquecreative.fr\\\/bootcamp-2-les-strategies-de\\\/#breadcrumb\"},\"inLanguage\":\"en-GB\",\"potentialAction\":[{\"@type\":\"ReadAction\",\"target\":[\"https:\\\/\\\/afriquecreative.fr\\\/bootcamp-2-les-strategies-de\\\/\"]}]},{\"@type\":\"ImageObject\",\"inLanguage\":\"en-GB\",\"@id\":\"https:\\\/\\\/afriquecreative.fr\\\/bootcamp-2-les-strategies-de\\\/#primaryimage\",\"url\":\"https:\\\/\\\/afriquecreative.fr\\\/wp-content\\\/uploads\\\/2020\\\/11\\\/arton160.jpg\",\"contentUrl\":\"https:\\\/\\\/afriquecreative.fr\\\/wp-content\\\/uploads\\\/2020\\\/11\\\/arton160.jpg\",\"width\":631,\"height\":411},{\"@type\":\"BreadcrumbList\",\"@id\":\"https:\\\/\\\/afriquecreative.fr\\\/bootcamp-2-les-strategies-de\\\/#breadcrumb\",\"itemListElement\":[{\"@type\":\"ListItem\",\"position\":1,\"name\":\"Accueil\",\"item\":\"http:\\\/\\\/afriquecreative.fr\\\/\"},{\"@type\":\"ListItem\",\"position\":2,\"name\":\"Bootcamp 2 : les strat\u00e9gies de passage \u00e0 l&#8217;\u00e9chelle\"}]},{\"@type\":\"WebSite\",\"@id\":\"http:\\\/\\\/afriquecreative.fr\\\/#website\",\"url\":\"http:\\\/\\\/afriquecreative.fr\\\/\",\"name\":\"Afrique cr\u00e9ative\",\"description\":\"Partenaire de talents\",\"publisher\":{\"@id\":\"http:\\\/\\\/afriquecreative.fr\\\/#organization\"},\"potentialAction\":[{\"@type\":\"SearchAction\",\"target\":{\"@type\":\"EntryPoint\",\"urlTemplate\":\"http:\\\/\\\/afriquecreative.fr\\\/?s={search_term_string}\"},\"query-input\":{\"@type\":\"PropertyValueSpecification\",\"valueRequired\":true,\"valueName\":\"search_term_string\"}}],\"inLanguage\":\"en-GB\"},{\"@type\":\"Organization\",\"@id\":\"http:\\\/\\\/afriquecreative.fr\\\/#organization\",\"name\":\"Afrique Cr\u00e9ative\",\"url\":\"http:\\\/\\\/afriquecreative.fr\\\/\",\"logo\":{\"@type\":\"ImageObject\",\"inLanguage\":\"en-GB\",\"@id\":\"http:\\\/\\\/afriquecreative.fr\\\/#\\\/schema\\\/logo\\\/image\\\/\",\"url\":\"https:\\\/\\\/afriquecreative.fr\\\/wp-content\\\/uploads\\\/2021\\\/04\\\/logo-lg.svg\",\"contentUrl\":\"https:\\\/\\\/afriquecreative.fr\\\/wp-content\\\/uploads\\\/2021\\\/04\\\/logo-lg.svg\",\"width\":1,\"height\":1,\"caption\":\"Afrique Cr\u00e9ative\"},\"image\":{\"@id\":\"http:\\\/\\\/afriquecreative.fr\\\/#\\\/schema\\\/logo\\\/image\\\/\"},\"sameAs\":[\"https:\\\/\\\/www.facebook.com\\\/afriquecreative\\\/\",\"https:\\\/\\\/www.instagram.com\\\/afrique.creative\\\/?hl=en\"]},{\"@type\":\"Person\",\"@id\":\"http:\\\/\\\/afriquecreative.fr\\\/#\\\/schema\\\/person\\\/947368a1408af61ec528c7f96a1771a0\",\"name\":\"Africalia asbl\",\"image\":{\"@type\":\"ImageObject\",\"inLanguage\":\"en-GB\",\"@id\":\"https:\\\/\\\/secure.gravatar.com\\\/avatar\\\/1834c043fa4057630f98430888fadf5d2bed443c0bccb88881edc2173dfa1e36?s=96&d=mm&r=g\",\"url\":\"https:\\\/\\\/secure.gravatar.com\\\/avatar\\\/1834c043fa4057630f98430888fadf5d2bed443c0bccb88881edc2173dfa1e36?s=96&d=mm&r=g\",\"contentUrl\":\"https:\\\/\\\/secure.gravatar.com\\\/avatar\\\/1834c043fa4057630f98430888fadf5d2bed443c0bccb88881edc2173dfa1e36?s=96&d=mm&r=g\",\"caption\":\"Africalia asbl\"},\"sameAs\":[\"https:\\\/\\\/x.com\\\/Banlieues\"],\"url\":\"https:\\\/\\\/afriquecreative.fr\\\/en\\\/author\\\/paolo-zanicchiafricalia-be\\\/\"}]}<\/script>\n<!-- \/ Yoast SEO plugin. -->","yoast_head_json":{"title":"Bootcamp 2: scaling strategies - Creative Africa","robots":{"index":"index","follow":"follow","max-snippet":"max-snippet:-1","max-image-preview":"max-image-preview:large","max-video-preview":"max-video-preview:-1"},"canonical":"https:\/\/afriquecreative.fr\/en\/bootcamp-2-strategies\/","og_locale":"en_GB","og_type":"article","og_title":"Bootcamp 2 : les strat\u00e9gies de passage \u00e0 l'\u00e9chelle - Afrique cr\u00e9ative","og_description":"Ce programme, financ\u00e9 par l\u2019AFD et mis en \u0153uvre par un consortium men\u00e9 par Africalia, vise \u00e0 favoriser la structuration de l\u2019\u00e9cosyst\u00e8me culturel et cr\u00e9atif en accompagnant le d\u00e9veloppement, le renforcement des comp\u00e9tences et la mise en r\u00e9seau des entreprises de ce secteur en Afrique. Initialement pr\u00e9vu \u00e0 Kampala en Ouganda, le format du \u00ab [&hellip;]","og_url":"https:\/\/afriquecreative.fr\/en\/bootcamp-2-strategies\/","og_site_name":"Afrique cr\u00e9ative","article_publisher":"https:\/\/www.facebook.com\/afriquecreative\/","article_published_time":"2020-11-18T13:45:14+00:00","article_modified_time":"2021-05-03T13:54:50+00:00","og_image":[{"width":631,"height":411,"url":"https:\/\/afriquecreative.fr\/wp-content\/uploads\/2020\/11\/arton160.jpg","type":"image\/jpeg"}],"author":"Africalia asbl","twitter_card":"summary_large_image","twitter_creator":"@Banlieues","twitter_misc":{"Written by":"Africalia asbl","Estimated reading time":"2 minutes"},"schema":{"@context":"https:\/\/schema.org","@graph":[{"@type":"Article","@id":"https:\/\/afriquecreative.fr\/bootcamp-2-les-strategies-de\/#article","isPartOf":{"@id":"https:\/\/afriquecreative.fr\/bootcamp-2-les-strategies-de\/"},"author":{"name":"Africalia asbl","@id":"http:\/\/afriquecreative.fr\/#\/schema\/person\/947368a1408af61ec528c7f96a1771a0"},"headline":"Bootcamp 2 : les strat\u00e9gies de passage \u00e0 l&#8217;\u00e9chelle","datePublished":"2020-11-18T13:45:14+00:00","dateModified":"2021-05-03T13:54:50+00:00","mainEntityOfPage":{"@id":"https:\/\/afriquecreative.fr\/bootcamp-2-les-strategies-de\/"},"wordCount":320,"publisher":{"@id":"http:\/\/afriquecreative.fr\/#organization"},"image":{"@id":"https:\/\/afriquecreative.fr\/bootcamp-2-les-strategies-de\/#primaryimage"},"thumbnailUrl":"https:\/\/afriquecreative.fr\/wp-content\/uploads\/2020\/11\/arton160.jpg","keywords":["2019"],"articleSection":["Actualit\u00e9s","Appel 2019"],"inLanguage":"en-GB"},{"@type":"WebPage","@id":"https:\/\/afriquecreative.fr\/bootcamp-2-les-strategies-de\/","url":"https:\/\/afriquecreative.fr\/bootcamp-2-les-strategies-de\/","name":"Bootcamp 2: scaling strategies - Creative Africa","isPartOf":{"@id":"http:\/\/afriquecreative.fr\/#website"},"primaryImageOfPage":{"@id":"https:\/\/afriquecreative.fr\/bootcamp-2-les-strategies-de\/#primaryimage"},"image":{"@id":"https:\/\/afriquecreative.fr\/bootcamp-2-les-strategies-de\/#primaryimage"},"thumbnailUrl":"https:\/\/afriquecreative.fr\/wp-content\/uploads\/2020\/11\/arton160.jpg","datePublished":"2020-11-18T13:45:14+00:00","dateModified":"2021-05-03T13:54:50+00:00","breadcrumb":{"@id":"https:\/\/afriquecreative.fr\/bootcamp-2-les-strategies-de\/#breadcrumb"},"inLanguage":"en-GB","potentialAction":[{"@type":"ReadAction","target":["https:\/\/afriquecreative.fr\/bootcamp-2-les-strategies-de\/"]}]},{"@type":"ImageObject","inLanguage":"en-GB","@id":"https:\/\/afriquecreative.fr\/bootcamp-2-les-strategies-de\/#primaryimage","url":"https:\/\/afriquecreative.fr\/wp-content\/uploads\/2020\/11\/arton160.jpg","contentUrl":"https:\/\/afriquecreative.fr\/wp-content\/uploads\/2020\/11\/arton160.jpg","width":631,"height":411},{"@type":"BreadcrumbList","@id":"https:\/\/afriquecreative.fr\/bootcamp-2-les-strategies-de\/#breadcrumb","itemListElement":[{"@type":"ListItem","position":1,"name":"Accueil","item":"http:\/\/afriquecreative.fr\/"},{"@type":"ListItem","position":2,"name":"Bootcamp 2 : les strat\u00e9gies de passage \u00e0 l&#8217;\u00e9chelle"}]},{"@type":"WebSite","@id":"http:\/\/afriquecreative.fr\/#website","url":"http:\/\/afriquecreative.fr\/","name":"Creative Africa","description":"Talent Partner","publisher":{"@id":"http:\/\/afriquecreative.fr\/#organization"},"potentialAction":[{"@type":"SearchAction","target":{"@type":"EntryPoint","urlTemplate":"http:\/\/afriquecreative.fr\/?s={search_term_string}"},"query-input":{"@type":"PropertyValueSpecification","valueRequired":true,"valueName":"search_term_string"}}],"inLanguage":"en-GB"},{"@type":"Organization","@id":"http:\/\/afriquecreative.fr\/#organization","name":"Creative Africa","url":"http:\/\/afriquecreative.fr\/","logo":{"@type":"ImageObject","inLanguage":"en-GB","@id":"http:\/\/afriquecreative.fr\/#\/schema\/logo\/image\/","url":"https:\/\/afriquecreative.fr\/wp-content\/uploads\/2021\/04\/logo-lg.svg","contentUrl":"https:\/\/afriquecreative.fr\/wp-content\/uploads\/2021\/04\/logo-lg.svg","width":1,"height":1,"caption":"Afrique Cr\u00e9ative"},"image":{"@id":"http:\/\/afriquecreative.fr\/#\/schema\/logo\/image\/"},"sameAs":["https:\/\/www.facebook.com\/afriquecreative\/","https:\/\/www.instagram.com\/afrique.creative\/?hl=en"]},{"@type":"Person","@id":"http:\/\/afriquecreative.fr\/#\/schema\/person\/947368a1408af61ec528c7f96a1771a0","name":"Africalia asbl","image":{"@type":"ImageObject","inLanguage":"en-GB","@id":"https:\/\/secure.gravatar.com\/avatar\/1834c043fa4057630f98430888fadf5d2bed443c0bccb88881edc2173dfa1e36?s=96&d=mm&r=g","url":"https:\/\/secure.gravatar.com\/avatar\/1834c043fa4057630f98430888fadf5d2bed443c0bccb88881edc2173dfa1e36?s=96&d=mm&r=g","contentUrl":"https:\/\/secure.gravatar.com\/avatar\/1834c043fa4057630f98430888fadf5d2bed443c0bccb88881edc2173dfa1e36?s=96&d=mm&r=g","caption":"Africalia asbl"},"sameAs":["https:\/\/x.com\/Banlieues"],"url":"https:\/\/afriquecreative.fr\/en\/author\/paolo-zanicchiafricalia-be\/"}]}},"_links":{"self":[{"href":"https:\/\/afriquecreative.fr\/en\/wp-json\/wp\/v2\/posts\/160","targetHints":{"allow":["GET"]}}],"collection":[{"href":"https:\/\/afriquecreative.fr\/en\/wp-json\/wp\/v2\/posts"}],"about":[{"href":"https:\/\/afriquecreative.fr\/en\/wp-json\/wp\/v2\/types\/post"}],"author":[{"embeddable":true,"href":"https:\/\/afriquecreative.fr\/en\/wp-json\/wp\/v2\/users\/6"}],"replies":[{"embeddable":true,"href":"https:\/\/afriquecreative.fr\/en\/wp-json\/wp\/v2\/comments?post=160"}],"version-history":[{"count":0,"href":"https:\/\/afriquecreative.fr\/en\/wp-json\/wp\/v2\/posts\/160\/revisions"}],"wp:featuredmedia":[{"embeddable":true,"href":"https:\/\/afriquecreative.fr\/en\/wp-json\/wp\/v2\/media\/1255"}],"wp:attachment":[{"href":"https:\/\/afriquecreative.fr\/en\/wp-json\/wp\/v2\/media?parent=160"}],"wp:term":[{"taxonomy":"category","embeddable":true,"href":"https:\/\/afriquecreative.fr\/en\/wp-json\/wp\/v2\/categories?post=160"},{"taxonomy":"post_tag","embeddable":true,"href":"https:\/\/afriquecreative.fr\/en\/wp-json\/wp\/v2\/tags?post=160"}],"curies":[{"name":"wp","href":"https:\/\/api.w.org\/{rel}","templated":true}]}}