{"id":163,"date":"2020-12-07T16:48:38","date_gmt":"2020-12-07T16:48:38","guid":{"rendered":"https:\/\/demop.netbaz.be\/2021\/afriquecreative\/2020\/12\/07\/bootcamp-2-un-focus-sur-le-passage\/"},"modified":"2022-01-26T15:45:25","modified_gmt":"2022-01-26T15:45:25","slug":"bootcamp-2-a-focus-on-the-passage","status":"publish","type":"post","link":"https:\/\/afriquecreative.fr\/en\/bootcamp-2-un-focus-sur-le-passage\/","title":{"rendered":"Bootcamp 2: a focus on scaling up"},"content":{"rendered":"<p>During the first session, Marc B\u00e9na\u00efche shared with the Afrique Cr\u00e9ative cohort his experience as a cultural entrepreneur and more specifically the<strong>human and financial issues<\/strong> linked to a significant fundraising from an investment fund. Building on his successes but also the obstacles he encountered, he gave <strong>keys and tools<\/strong> to the group in order to best manage the growth of their structures. The assessment he draws is very positive: <em>\u201cThe discussions were rich, informative and led the participants to ask themselves new questions about good management practices. \u00bb<\/em><\/p>\n<p>Yann Nsangue Akwa then moderated the session \u201c <strong>Scale-up strategies<\/strong> \u00bb This session made them realize that there are a variety of scaling strategies and that it is essential to opt for a strategy that fits with the company&#039;s vision. For Yann it is<em> \u201cthe heterogeneity of the cohort which promotes the rise in skills of entrepreneurs\u201d<\/em>. He adds : <em>\u201cI was able to see that this diversity not only allows them to position themselves but also to assume their vision and their development strategies, realizing that there are several ways to scale up and set up a business. \u00bb<\/em><\/p>\n<p>Thanks to its virtual format, other members of the entrepreneur team were able to take part in the bootcamp, particularly during the session <strong>\u201cInvestment readiness\u201d<\/strong> hosted by <a href=\"https:\/\/www.facebook.com\/ietp.afrique\" target=\"_blank\" rel=\"noopener noreferrer nofollow\"> I&amp;P<\/a>. Entrepreneurs as well as their administrative and financial managers were able to learn more, thanks to a <strong>theoretical contribution<\/strong> consequent and <strong>practical case studies<\/strong>, financial questions linked to raising funds from investors.<\/p>\n<p>Finally, the week ended with a session facilitated by Caleb Owino focused on the theme <strong>trajectories of change<\/strong> : in subgroups, the participants looked back on their journey, the lessons learned, the obstacles encountered and their development priorities. According to Caleb: <em>\u201cThe idea of focus groups was very useful giving participants the right framework to think about their goals and get feedback from like-minded entrepreneurs.\u201d<\/em><\/p>\n<p>The participants left this bootcamp in digital format satisfied and with their heads full of these meetings too. <strong>instructive<\/strong> that <strong>motivating<\/strong>. Company members <a href=\"https:\/\/www.facebook.com\/SebastienBazemoOfficiel\" target=\"_blank\" rel=\"noopener noreferrer nofollow\">S\u00e9bastien Bazemo<\/a> as evidenced by: <em>\u201cThe content offered corresponds well to the stage of advancement of our companies, each being complementary and very rich. We were captivated and reassured to know that even the speakers had trajectories that were not always linear and ascending and that learning never stops.\u201d<\/em><\/p>\n<p><strong>It is therefore with renewed energy that entrepreneurs begin their last quarter of incubation!<\/strong><\/p>\n<p><em>Don\u2019t miss any of their news: follow Afrique Cr\u00e9ative on <a href=\"https:\/\/www.facebook.com\/afriquecreative\/\" target=\"_blank\" rel=\"noopener noreferrer nofollow\">Facebook<\/a> and subscribe to the <a href=\"https:\/\/afriquecreative.us8.list-manage.com\/subscribe?u=0ab10f58ec651d73e65d1cbd3&amp;id=cf77e663e5\" target=\"_blank\" rel=\"noopener noreferrer nofollow\">newsletter<\/a> !<br \/>\n<\/em><\/p>","protected":false},"excerpt":{"rendered":"<p>Au cours de la premi\u00e8re session, Marc B\u00e9na\u00efche a partag\u00e9 avec la cohorte Afrique Cr\u00e9ative son exp\u00e9rience d\u2019entrepreneur culturel et plus sp\u00e9cifiquement les enjeux humains et financiers li\u00e9s \u00e0 une lev\u00e9e de fonds cons\u00e9quente aupr\u00e8s d\u2019un fonds d\u2019investissements. Fort de ses succ\u00e8s mais aussi des obstacles qu\u2019il a rencontr\u00e9s, il a donn\u00e9 des cl\u00e9s et [&hellip;]<\/p>\n","protected":false},"author":6,"featured_media":1259,"comment_status":"closed","ping_status":"open","sticky":false,"template":"","format":"standard","meta":{"_acf_changed":false,"footnotes":""},"categories":[15,19],"tags":[82],"class_list":["post-163","post","type-post","status-publish","format-standard","has-post-thumbnail","hentry","category-news","category-appel-a-candidatures-2019","tag-82"],"acf":[],"yoast_head":"<!-- This site is optimized with the Yoast SEO plugin v27.5 - https:\/\/yoast.com\/product\/yoast-seo-wordpress\/ -->\n<title>Bootcamp 2 : un focus sur le passage \u00e0 l\u2019\u00e9chelle - Afrique cr\u00e9ative<\/title>\n<meta name=\"robots\" content=\"index, follow, max-snippet:-1, max-image-preview:large, max-video-preview:-1\" \/>\n<link rel=\"canonical\" href=\"https:\/\/afriquecreative.fr\/en\/bootcamp-2-a-focus-on-the-passage\/\" \/>\n<meta property=\"og:locale\" content=\"en_GB\" \/>\n<meta property=\"og:type\" content=\"article\" \/>\n<meta property=\"og:title\" content=\"Bootcamp 2 : un focus sur le passage \u00e0 l\u2019\u00e9chelle - Afrique cr\u00e9ative\" \/>\n<meta property=\"og:description\" content=\"Au cours de la premi\u00e8re session, Marc B\u00e9na\u00efche a partag\u00e9 avec la cohorte Afrique Cr\u00e9ative son exp\u00e9rience d\u2019entrepreneur culturel et plus sp\u00e9cifiquement les enjeux humains et financiers li\u00e9s \u00e0 une lev\u00e9e de fonds cons\u00e9quente aupr\u00e8s d\u2019un fonds d\u2019investissements. Fort de ses succ\u00e8s mais aussi des obstacles qu\u2019il a rencontr\u00e9s, il a donn\u00e9 des cl\u00e9s et [&hellip;]\" \/>\n<meta property=\"og:url\" content=\"https:\/\/afriquecreative.fr\/en\/bootcamp-2-a-focus-on-the-passage\/\" \/>\n<meta property=\"og:site_name\" content=\"Afrique cr\u00e9ative\" \/>\n<meta property=\"article:publisher\" content=\"https:\/\/www.facebook.com\/afriquecreative\/\" \/>\n<meta property=\"article:published_time\" content=\"2020-12-07T16:48:38+00:00\" \/>\n<meta property=\"article:modified_time\" content=\"2022-01-26T15:45:25+00:00\" \/>\n<meta property=\"og:image\" content=\"https:\/\/afriquecreative.fr\/wp-content\/uploads\/2020\/12\/arton163.jpg\" \/>\n\t<meta property=\"og:image:width\" content=\"900\" \/>\n\t<meta property=\"og:image:height\" content=\"600\" \/>\n\t<meta property=\"og:image:type\" content=\"image\/jpeg\" \/>\n<meta name=\"author\" content=\"Africalia asbl\" \/>\n<meta name=\"twitter:card\" content=\"summary_large_image\" \/>\n<meta name=\"twitter:creator\" content=\"@Banlieues\" \/>\n<meta name=\"twitter:label1\" content=\"Written by\" \/>\n\t<meta name=\"twitter:data1\" content=\"Africalia asbl\" \/>\n\t<meta name=\"twitter:label2\" content=\"Estimated reading time\" \/>\n\t<meta name=\"twitter:data2\" content=\"3 minutes\" \/>\n<script type=\"application\/ld+json\" class=\"yoast-schema-graph\">{\"@context\":\"https:\\\/\\\/schema.org\",\"@graph\":[{\"@type\":\"Article\",\"@id\":\"https:\\\/\\\/afriquecreative.fr\\\/bootcamp-2-un-focus-sur-le-passage\\\/#article\",\"isPartOf\":{\"@id\":\"https:\\\/\\\/afriquecreative.fr\\\/bootcamp-2-un-focus-sur-le-passage\\\/\"},\"author\":{\"name\":\"Africalia asbl\",\"@id\":\"http:\\\/\\\/afriquecreative.fr\\\/#\\\/schema\\\/person\\\/947368a1408af61ec528c7f96a1771a0\"},\"headline\":\"Bootcamp 2 : un focus sur le passage \u00e0 l\u2019\u00e9chelle\",\"datePublished\":\"2020-12-07T16:48:38+00:00\",\"dateModified\":\"2022-01-26T15:45:25+00:00\",\"mainEntityOfPage\":{\"@id\":\"https:\\\/\\\/afriquecreative.fr\\\/bootcamp-2-un-focus-sur-le-passage\\\/\"},\"wordCount\":535,\"publisher\":{\"@id\":\"http:\\\/\\\/afriquecreative.fr\\\/#organization\"},\"image\":{\"@id\":\"https:\\\/\\\/afriquecreative.fr\\\/bootcamp-2-un-focus-sur-le-passage\\\/#primaryimage\"},\"thumbnailUrl\":\"https:\\\/\\\/afriquecreative.fr\\\/wp-content\\\/uploads\\\/2020\\\/12\\\/arton163.jpg\",\"keywords\":[\"2019\"],\"articleSection\":[\"Actualit\u00e9s\",\"Appel 2019\"],\"inLanguage\":\"en-GB\"},{\"@type\":\"WebPage\",\"@id\":\"https:\\\/\\\/afriquecreative.fr\\\/bootcamp-2-un-focus-sur-le-passage\\\/\",\"url\":\"https:\\\/\\\/afriquecreative.fr\\\/bootcamp-2-un-focus-sur-le-passage\\\/\",\"name\":\"Bootcamp 2 : un focus sur le passage \u00e0 l\u2019\u00e9chelle - Afrique cr\u00e9ative\",\"isPartOf\":{\"@id\":\"http:\\\/\\\/afriquecreative.fr\\\/#website\"},\"primaryImageOfPage\":{\"@id\":\"https:\\\/\\\/afriquecreative.fr\\\/bootcamp-2-un-focus-sur-le-passage\\\/#primaryimage\"},\"image\":{\"@id\":\"https:\\\/\\\/afriquecreative.fr\\\/bootcamp-2-un-focus-sur-le-passage\\\/#primaryimage\"},\"thumbnailUrl\":\"https:\\\/\\\/afriquecreative.fr\\\/wp-content\\\/uploads\\\/2020\\\/12\\\/arton163.jpg\",\"datePublished\":\"2020-12-07T16:48:38+00:00\",\"dateModified\":\"2022-01-26T15:45:25+00:00\",\"breadcrumb\":{\"@id\":\"https:\\\/\\\/afriquecreative.fr\\\/bootcamp-2-un-focus-sur-le-passage\\\/#breadcrumb\"},\"inLanguage\":\"en-GB\",\"potentialAction\":[{\"@type\":\"ReadAction\",\"target\":[\"https:\\\/\\\/afriquecreative.fr\\\/bootcamp-2-un-focus-sur-le-passage\\\/\"]}]},{\"@type\":\"ImageObject\",\"inLanguage\":\"en-GB\",\"@id\":\"https:\\\/\\\/afriquecreative.fr\\\/bootcamp-2-un-focus-sur-le-passage\\\/#primaryimage\",\"url\":\"https:\\\/\\\/afriquecreative.fr\\\/wp-content\\\/uploads\\\/2020\\\/12\\\/arton163.jpg\",\"contentUrl\":\"https:\\\/\\\/afriquecreative.fr\\\/wp-content\\\/uploads\\\/2020\\\/12\\\/arton163.jpg\",\"width\":900,\"height\":600},{\"@type\":\"BreadcrumbList\",\"@id\":\"https:\\\/\\\/afriquecreative.fr\\\/bootcamp-2-un-focus-sur-le-passage\\\/#breadcrumb\",\"itemListElement\":[{\"@type\":\"ListItem\",\"position\":1,\"name\":\"Accueil\",\"item\":\"http:\\\/\\\/afriquecreative.fr\\\/\"},{\"@type\":\"ListItem\",\"position\":2,\"name\":\"Bootcamp 2 : un focus sur le passage \u00e0 l\u2019\u00e9chelle\"}]},{\"@type\":\"WebSite\",\"@id\":\"http:\\\/\\\/afriquecreative.fr\\\/#website\",\"url\":\"http:\\\/\\\/afriquecreative.fr\\\/\",\"name\":\"Afrique cr\u00e9ative\",\"description\":\"Partenaire de talents\",\"publisher\":{\"@id\":\"http:\\\/\\\/afriquecreative.fr\\\/#organization\"},\"potentialAction\":[{\"@type\":\"SearchAction\",\"target\":{\"@type\":\"EntryPoint\",\"urlTemplate\":\"http:\\\/\\\/afriquecreative.fr\\\/?s={search_term_string}\"},\"query-input\":{\"@type\":\"PropertyValueSpecification\",\"valueRequired\":true,\"valueName\":\"search_term_string\"}}],\"inLanguage\":\"en-GB\"},{\"@type\":\"Organization\",\"@id\":\"http:\\\/\\\/afriquecreative.fr\\\/#organization\",\"name\":\"Afrique Cr\u00e9ative\",\"url\":\"http:\\\/\\\/afriquecreative.fr\\\/\",\"logo\":{\"@type\":\"ImageObject\",\"inLanguage\":\"en-GB\",\"@id\":\"http:\\\/\\\/afriquecreative.fr\\\/#\\\/schema\\\/logo\\\/image\\\/\",\"url\":\"https:\\\/\\\/afriquecreative.fr\\\/wp-content\\\/uploads\\\/2021\\\/04\\\/logo-lg.svg\",\"contentUrl\":\"https:\\\/\\\/afriquecreative.fr\\\/wp-content\\\/uploads\\\/2021\\\/04\\\/logo-lg.svg\",\"width\":1,\"height\":1,\"caption\":\"Afrique Cr\u00e9ative\"},\"image\":{\"@id\":\"http:\\\/\\\/afriquecreative.fr\\\/#\\\/schema\\\/logo\\\/image\\\/\"},\"sameAs\":[\"https:\\\/\\\/www.facebook.com\\\/afriquecreative\\\/\",\"https:\\\/\\\/www.instagram.com\\\/afrique.creative\\\/?hl=en\"]},{\"@type\":\"Person\",\"@id\":\"http:\\\/\\\/afriquecreative.fr\\\/#\\\/schema\\\/person\\\/947368a1408af61ec528c7f96a1771a0\",\"name\":\"Africalia asbl\",\"image\":{\"@type\":\"ImageObject\",\"inLanguage\":\"en-GB\",\"@id\":\"https:\\\/\\\/secure.gravatar.com\\\/avatar\\\/1834c043fa4057630f98430888fadf5d2bed443c0bccb88881edc2173dfa1e36?s=96&d=mm&r=g\",\"url\":\"https:\\\/\\\/secure.gravatar.com\\\/avatar\\\/1834c043fa4057630f98430888fadf5d2bed443c0bccb88881edc2173dfa1e36?s=96&d=mm&r=g\",\"contentUrl\":\"https:\\\/\\\/secure.gravatar.com\\\/avatar\\\/1834c043fa4057630f98430888fadf5d2bed443c0bccb88881edc2173dfa1e36?s=96&d=mm&r=g\",\"caption\":\"Africalia asbl\"},\"sameAs\":[\"https:\\\/\\\/x.com\\\/Banlieues\"],\"url\":\"https:\\\/\\\/afriquecreative.fr\\\/en\\\/author\\\/paolo-zanicchiafricalia-be\\\/\"}]}<\/script>\n<!-- \/ Yoast SEO plugin. -->","yoast_head_json":{"title":"Bootcamp 2: a focus on scaling up - Creative Africa","robots":{"index":"index","follow":"follow","max-snippet":"max-snippet:-1","max-image-preview":"max-image-preview:large","max-video-preview":"max-video-preview:-1"},"canonical":"https:\/\/afriquecreative.fr\/en\/bootcamp-2-a-focus-on-the-passage\/","og_locale":"en_GB","og_type":"article","og_title":"Bootcamp 2 : un focus sur le passage \u00e0 l\u2019\u00e9chelle - Afrique cr\u00e9ative","og_description":"Au cours de la premi\u00e8re session, Marc B\u00e9na\u00efche a partag\u00e9 avec la cohorte Afrique Cr\u00e9ative son exp\u00e9rience d\u2019entrepreneur culturel et plus sp\u00e9cifiquement les enjeux humains et financiers li\u00e9s \u00e0 une lev\u00e9e de fonds cons\u00e9quente aupr\u00e8s d\u2019un fonds d\u2019investissements. Fort de ses succ\u00e8s mais aussi des obstacles qu\u2019il a rencontr\u00e9s, il a donn\u00e9 des cl\u00e9s et [&hellip;]","og_url":"https:\/\/afriquecreative.fr\/en\/bootcamp-2-a-focus-on-the-passage\/","og_site_name":"Afrique cr\u00e9ative","article_publisher":"https:\/\/www.facebook.com\/afriquecreative\/","article_published_time":"2020-12-07T16:48:38+00:00","article_modified_time":"2022-01-26T15:45:25+00:00","og_image":[{"width":900,"height":600,"url":"https:\/\/afriquecreative.fr\/wp-content\/uploads\/2020\/12\/arton163.jpg","type":"image\/jpeg"}],"author":"Africalia asbl","twitter_card":"summary_large_image","twitter_creator":"@Banlieues","twitter_misc":{"Written by":"Africalia asbl","Estimated reading time":"3 minutes"},"schema":{"@context":"https:\/\/schema.org","@graph":[{"@type":"Article","@id":"https:\/\/afriquecreative.fr\/bootcamp-2-un-focus-sur-le-passage\/#article","isPartOf":{"@id":"https:\/\/afriquecreative.fr\/bootcamp-2-un-focus-sur-le-passage\/"},"author":{"name":"Africalia asbl","@id":"http:\/\/afriquecreative.fr\/#\/schema\/person\/947368a1408af61ec528c7f96a1771a0"},"headline":"Bootcamp 2 : un focus sur le passage \u00e0 l\u2019\u00e9chelle","datePublished":"2020-12-07T16:48:38+00:00","dateModified":"2022-01-26T15:45:25+00:00","mainEntityOfPage":{"@id":"https:\/\/afriquecreative.fr\/bootcamp-2-un-focus-sur-le-passage\/"},"wordCount":535,"publisher":{"@id":"http:\/\/afriquecreative.fr\/#organization"},"image":{"@id":"https:\/\/afriquecreative.fr\/bootcamp-2-un-focus-sur-le-passage\/#primaryimage"},"thumbnailUrl":"https:\/\/afriquecreative.fr\/wp-content\/uploads\/2020\/12\/arton163.jpg","keywords":["2019"],"articleSection":["Actualit\u00e9s","Appel 2019"],"inLanguage":"en-GB"},{"@type":"WebPage","@id":"https:\/\/afriquecreative.fr\/bootcamp-2-un-focus-sur-le-passage\/","url":"https:\/\/afriquecreative.fr\/bootcamp-2-un-focus-sur-le-passage\/","name":"Bootcamp 2: a focus on scaling up - Creative Africa","isPartOf":{"@id":"http:\/\/afriquecreative.fr\/#website"},"primaryImageOfPage":{"@id":"https:\/\/afriquecreative.fr\/bootcamp-2-un-focus-sur-le-passage\/#primaryimage"},"image":{"@id":"https:\/\/afriquecreative.fr\/bootcamp-2-un-focus-sur-le-passage\/#primaryimage"},"thumbnailUrl":"https:\/\/afriquecreative.fr\/wp-content\/uploads\/2020\/12\/arton163.jpg","datePublished":"2020-12-07T16:48:38+00:00","dateModified":"2022-01-26T15:45:25+00:00","breadcrumb":{"@id":"https:\/\/afriquecreative.fr\/bootcamp-2-un-focus-sur-le-passage\/#breadcrumb"},"inLanguage":"en-GB","potentialAction":[{"@type":"ReadAction","target":["https:\/\/afriquecreative.fr\/bootcamp-2-un-focus-sur-le-passage\/"]}]},{"@type":"ImageObject","inLanguage":"en-GB","@id":"https:\/\/afriquecreative.fr\/bootcamp-2-un-focus-sur-le-passage\/#primaryimage","url":"https:\/\/afriquecreative.fr\/wp-content\/uploads\/2020\/12\/arton163.jpg","contentUrl":"https:\/\/afriquecreative.fr\/wp-content\/uploads\/2020\/12\/arton163.jpg","width":900,"height":600},{"@type":"BreadcrumbList","@id":"https:\/\/afriquecreative.fr\/bootcamp-2-un-focus-sur-le-passage\/#breadcrumb","itemListElement":[{"@type":"ListItem","position":1,"name":"Accueil","item":"http:\/\/afriquecreative.fr\/"},{"@type":"ListItem","position":2,"name":"Bootcamp 2 : un focus sur le passage \u00e0 l\u2019\u00e9chelle"}]},{"@type":"WebSite","@id":"http:\/\/afriquecreative.fr\/#website","url":"http:\/\/afriquecreative.fr\/","name":"Creative Africa","description":"Talent Partner","publisher":{"@id":"http:\/\/afriquecreative.fr\/#organization"},"potentialAction":[{"@type":"SearchAction","target":{"@type":"EntryPoint","urlTemplate":"http:\/\/afriquecreative.fr\/?s={search_term_string}"},"query-input":{"@type":"PropertyValueSpecification","valueRequired":true,"valueName":"search_term_string"}}],"inLanguage":"en-GB"},{"@type":"Organization","@id":"http:\/\/afriquecreative.fr\/#organization","name":"Creative Africa","url":"http:\/\/afriquecreative.fr\/","logo":{"@type":"ImageObject","inLanguage":"en-GB","@id":"http:\/\/afriquecreative.fr\/#\/schema\/logo\/image\/","url":"https:\/\/afriquecreative.fr\/wp-content\/uploads\/2021\/04\/logo-lg.svg","contentUrl":"https:\/\/afriquecreative.fr\/wp-content\/uploads\/2021\/04\/logo-lg.svg","width":1,"height":1,"caption":"Afrique Cr\u00e9ative"},"image":{"@id":"http:\/\/afriquecreative.fr\/#\/schema\/logo\/image\/"},"sameAs":["https:\/\/www.facebook.com\/afriquecreative\/","https:\/\/www.instagram.com\/afrique.creative\/?hl=en"]},{"@type":"Person","@id":"http:\/\/afriquecreative.fr\/#\/schema\/person\/947368a1408af61ec528c7f96a1771a0","name":"Africalia asbl","image":{"@type":"ImageObject","inLanguage":"en-GB","@id":"https:\/\/secure.gravatar.com\/avatar\/1834c043fa4057630f98430888fadf5d2bed443c0bccb88881edc2173dfa1e36?s=96&d=mm&r=g","url":"https:\/\/secure.gravatar.com\/avatar\/1834c043fa4057630f98430888fadf5d2bed443c0bccb88881edc2173dfa1e36?s=96&d=mm&r=g","contentUrl":"https:\/\/secure.gravatar.com\/avatar\/1834c043fa4057630f98430888fadf5d2bed443c0bccb88881edc2173dfa1e36?s=96&d=mm&r=g","caption":"Africalia asbl"},"sameAs":["https:\/\/x.com\/Banlieues"],"url":"https:\/\/afriquecreative.fr\/en\/author\/paolo-zanicchiafricalia-be\/"}]}},"_links":{"self":[{"href":"https:\/\/afriquecreative.fr\/en\/wp-json\/wp\/v2\/posts\/163","targetHints":{"allow":["GET"]}}],"collection":[{"href":"https:\/\/afriquecreative.fr\/en\/wp-json\/wp\/v2\/posts"}],"about":[{"href":"https:\/\/afriquecreative.fr\/en\/wp-json\/wp\/v2\/types\/post"}],"author":[{"embeddable":true,"href":"https:\/\/afriquecreative.fr\/en\/wp-json\/wp\/v2\/users\/6"}],"replies":[{"embeddable":true,"href":"https:\/\/afriquecreative.fr\/en\/wp-json\/wp\/v2\/comments?post=163"}],"version-history":[{"count":0,"href":"https:\/\/afriquecreative.fr\/en\/wp-json\/wp\/v2\/posts\/163\/revisions"}],"wp:featuredmedia":[{"embeddable":true,"href":"https:\/\/afriquecreative.fr\/en\/wp-json\/wp\/v2\/media\/1259"}],"wp:attachment":[{"href":"https:\/\/afriquecreative.fr\/en\/wp-json\/wp\/v2\/media?parent=163"}],"wp:term":[{"taxonomy":"category","embeddable":true,"href":"https:\/\/afriquecreative.fr\/en\/wp-json\/wp\/v2\/categories?post=163"},{"taxonomy":"post_tag","embeddable":true,"href":"https:\/\/afriquecreative.fr\/en\/wp-json\/wp\/v2\/tags?post=163"}],"curies":[{"name":"wp","href":"https:\/\/api.w.org\/{rel}","templated":true}]}}