{"id":168,"date":"2021-02-22T10:21:24","date_gmt":"2021-02-22T10:21:24","guid":{"rendered":"https:\/\/demop.netbaz.be\/2021\/afriquecreative\/2021\/02\/22\/les-entrepreneurs-face-a-leurs\/"},"modified":"2021-05-03T13:52:19","modified_gmt":"2021-05-03T13:52:19","slug":"entrepreneurs-facing-their","status":"publish","type":"post","link":"https:\/\/afriquecreative.fr\/en\/les-entrepreneurs-face-a-leurs\/","title":{"rendered":"Entrepreneurs facing their new challenges"},"content":{"rendered":"<p><strong><strong>S\u2019internationaliser<\/strong><\/strong><\/p>\n<p>C\u2019est le grand d\u00e9fi des deux entrepreneurs Burkinab\u00e9. Leur e-boutique est pr\u00eate et leurs nouvelles collections sur pieds. <a href=\"https:\/\/www.facebook.com\/Kaala.africa\" target=\"_blank\" rel=\"noopener noreferrer nofollow\">Kaala<\/a> et <a href=\"https:\/\/sebastienbazemo.com\/?fbclid=IwAR3XQmxb7ftVovnjMtZhv2awPZKEso9tODS8GPfMVwzaTPdm7wHf7nvLM7s\" target=\"_blank\" rel=\"noopener noreferrer nofollow\">S\u00e9bastien Bazemo <\/a> ne sont d\u00e9sormais plus que \u00e0 un click du succ\u00e8s international que m\u00e9ritent leurs produits et leurs savoir-faire.<br \/>\n<strong>Dans quelques mois, le d\u00e9fi qu\u2019ils s\u2019\u00e9taient fix\u00e9s en d\u00e9but de programme sera relev\u00e9 !<\/strong><\/p>\n<p><strong>Tirer profit de leur strat\u00e9gie de diversification<\/strong><\/p>\n<p><a href=\"https:\/\/www.anya.africa\/\" target=\"_blank\" rel=\"noopener noreferrer nofollow\">Anya<\/a> et<a href=\"https:\/\/optimisteproduktions.com\/\" target=\"_blank\" rel=\"noopener noreferrer nofollow\"> Optimiste Produktions<\/a> se sont attel\u00e9s tout au long de l\u2019ann\u00e9e 2020 \u00e0 diversifier au maximum leurs produits et leurs services. Leurs objectifs :<\/p>\n<ul>\n<li>Gagner en visibilit\u00e9,<\/li>\n<li>S\u00e9curiser une activit\u00e9 constante tout au long de l\u2019ann\u00e9e,<\/li>\n<li>Promouvoir le secteur culturel de leur pays.<\/li>\n<\/ul>\n<p>Leurs d\u00e9fis, pour cette ann\u00e9e 2021 seront donc de :<\/p>\n<ul>\n<li><strong>Rentabiliser<\/strong> tous leurs investissements<\/li>\n<li><strong>S\u2019imposer<\/strong> comme leader dans leur secteur respectif.<\/li>\n<\/ul>\n<p>[bleu marine]<strong>Continuer \u00e0 se d\u00e9velopper et \u00e0 grandir<\/strong>[\/bleu marine]<\/p>\n<p>La soci\u00e9t\u00e9 de production <a href=\"https:\/\/karoninka.com\/\" target=\"_blank\" rel=\"noopener noreferrer nofollow\"> Karoninka<\/a> a profit\u00e9 de l\u2019ann\u00e9e 2020 pour revenir \u00e0 l\u2019essentiel : sa structuration interne et ses projets. Chose fa\u00eete, la voil\u00e0 maintenant par\u00e9e d\u2019une nouvelle \u00e9quipe, stable et forte de proposition et de projets.<br \/>\n<strong>D\u00e9sormais, il ne reste plus qu\u2019\u00e0 rendre concrets ses sc\u00e9narios pour en faire profiter le public impatient. <\/strong><\/p>\n<p><a href=\"https:\/\/www.facebook.com\/Afriartgallery\" target=\"_blank\" rel=\"noopener noreferrer nofollow\">Afriart Gallery<\/a> doit d\u00e9sormais prouver au monde le concept de r\u00e9sidence d\u2019artiste. Le travail de <a href=\"https:\/\/www.afriartgallery.org\/\" target=\"_blank\" rel=\"noopener noreferrer nofollow\">Daudi Karungi <\/a> soutenu par sa nouvelle \u00e9quipe ne s\u2019arr\u00eate pas aux fronti\u00e8res de l\u2019Ouganda. Ensemble, ils r\u00eavent Paris, Londres et New York afin de faire de ce monde <strong>\u00ab Un monde o\u00f9 les artistes africains sont des ic\u00f4nes de l&#8217;art international &#8220;<\/strong>.<\/p>\n<p><strong>Valoriser leurs produits innovants<\/strong><\/p>\n<p>Pour <a href=\"https:\/\/www.facebook.com\/langagesdusud\" target=\"_blank\" rel=\"noopener noreferrer nofollow\">Langages du Sud<\/a>, <a href=\"https:\/\/www.facebook.com\/CrossroadsDigitalMultimediaLtd\" target=\"_blank\" rel=\"noopener noreferrer nofollow\">Crossroads<\/a> et<a href=\"https:\/\/fezah.live\/\" target=\"_blank\" rel=\"noopener noreferrer nofollow\"> Fezah<\/a>, l\u2019ann\u00e9e 2020 fut une ann\u00e9e de cr\u00e9ation et d\u2019innovation ! 2021, c&#8217;est l\u2019ann\u00e9e du grand saut, l\u2019ann\u00e9e pivot qui fera de <strong>leurs produits des incontournables et de leur entreprise des r\u00e9f\u00e9rences <\/strong> du secteur de l\u2019animation 3D et du divertissement.<\/p>\n<p><strong>Cette ann\u00e9e 2021 pour les entrepreneurs du programme Afrique Cr\u00e9ative \u00e0 le go\u00fbt de l\u2019espoir et la couleur du succ\u00e8s !<\/strong><\/p>\n","protected":false},"excerpt":{"rendered":"<p>S\u2019internationaliser C\u2019est le grand d\u00e9fi des deux entrepreneurs Burkinab\u00e9. Leur e-boutique est pr\u00eate et leurs nouvelles collections sur pieds. Kaala et S\u00e9bastien Bazemo ne sont d\u00e9sormais plus que \u00e0 un click du succ\u00e8s international que m\u00e9ritent leurs produits et leurs savoir-faire. Dans quelques mois, le d\u00e9fi qu\u2019ils s\u2019\u00e9taient fix\u00e9s en d\u00e9but de programme sera relev\u00e9 [&hellip;]<\/p>\n","protected":false},"author":6,"featured_media":1263,"comment_status":"closed","ping_status":"open","sticky":false,"template":"","format":"standard","meta":{"_acf_changed":false,"footnotes":""},"categories":[15,19],"tags":[82],"class_list":["post-168","post","type-post","status-publish","format-standard","has-post-thumbnail","hentry","category-news","category-appel-a-candidatures-2019","tag-82"],"acf":[],"yoast_head":"<!-- This site is optimized with the Yoast SEO plugin v27.5 - https:\/\/yoast.com\/product\/yoast-seo-wordpress\/ -->\n<title>Les entrepreneurs face \u00e0 leurs nouveaux d\u00e9fis - Afrique cr\u00e9ative<\/title>\n<meta name=\"robots\" content=\"index, follow, max-snippet:-1, max-image-preview:large, max-video-preview:-1\" \/>\n<link rel=\"canonical\" href=\"https:\/\/afriquecreative.fr\/en\/entrepreneurs-facing-their\/\" \/>\n<meta property=\"og:locale\" content=\"en_GB\" \/>\n<meta property=\"og:type\" content=\"article\" \/>\n<meta property=\"og:title\" content=\"Les entrepreneurs face \u00e0 leurs nouveaux d\u00e9fis - Afrique cr\u00e9ative\" \/>\n<meta property=\"og:description\" content=\"S\u2019internationaliser C\u2019est le grand d\u00e9fi des deux entrepreneurs Burkinab\u00e9. Leur e-boutique est pr\u00eate et leurs nouvelles collections sur pieds. Kaala et S\u00e9bastien Bazemo ne sont d\u00e9sormais plus que \u00e0 un click du succ\u00e8s international que m\u00e9ritent leurs produits et leurs savoir-faire. Dans quelques mois, le d\u00e9fi qu\u2019ils s\u2019\u00e9taient fix\u00e9s en d\u00e9but de programme sera relev\u00e9 [&hellip;]\" \/>\n<meta property=\"og:url\" content=\"https:\/\/afriquecreative.fr\/en\/entrepreneurs-facing-their\/\" \/>\n<meta property=\"og:site_name\" content=\"Afrique cr\u00e9ative\" \/>\n<meta property=\"article:publisher\" content=\"https:\/\/www.facebook.com\/afriquecreative\/\" \/>\n<meta property=\"article:published_time\" content=\"2021-02-22T10:21:24+00:00\" \/>\n<meta property=\"article:modified_time\" content=\"2021-05-03T13:52:19+00:00\" \/>\n<meta property=\"og:image\" content=\"https:\/\/afriquecreative.fr\/wp-content\/uploads\/2021\/02\/arton168-scaled.jpg\" \/>\n\t<meta property=\"og:image:width\" content=\"1707\" \/>\n\t<meta property=\"og:image:height\" content=\"2560\" \/>\n\t<meta property=\"og:image:type\" content=\"image\/jpeg\" \/>\n<meta name=\"author\" content=\"Africalia asbl\" \/>\n<meta name=\"twitter:card\" content=\"summary_large_image\" \/>\n<meta name=\"twitter:creator\" content=\"@Banlieues\" \/>\n<meta name=\"twitter:label1\" content=\"Written by\" \/>\n\t<meta name=\"twitter:data1\" content=\"Africalia asbl\" \/>\n\t<meta name=\"twitter:label2\" content=\"Estimated reading time\" \/>\n\t<meta name=\"twitter:data2\" content=\"2 minutes\" \/>\n<script type=\"application\/ld+json\" class=\"yoast-schema-graph\">{\"@context\":\"https:\\\/\\\/schema.org\",\"@graph\":[{\"@type\":\"Article\",\"@id\":\"https:\\\/\\\/afriquecreative.fr\\\/les-entrepreneurs-face-a-leurs\\\/#article\",\"isPartOf\":{\"@id\":\"https:\\\/\\\/afriquecreative.fr\\\/les-entrepreneurs-face-a-leurs\\\/\"},\"author\":{\"name\":\"Africalia asbl\",\"@id\":\"http:\\\/\\\/afriquecreative.fr\\\/#\\\/schema\\\/person\\\/947368a1408af61ec528c7f96a1771a0\"},\"headline\":\"Les entrepreneurs face \u00e0 leurs nouveaux d\u00e9fis\",\"datePublished\":\"2021-02-22T10:21:24+00:00\",\"dateModified\":\"2021-05-03T13:52:19+00:00\",\"mainEntityOfPage\":{\"@id\":\"https:\\\/\\\/afriquecreative.fr\\\/les-entrepreneurs-face-a-leurs\\\/\"},\"wordCount\":370,\"publisher\":{\"@id\":\"http:\\\/\\\/afriquecreative.fr\\\/#organization\"},\"image\":{\"@id\":\"https:\\\/\\\/afriquecreative.fr\\\/les-entrepreneurs-face-a-leurs\\\/#primaryimage\"},\"thumbnailUrl\":\"https:\\\/\\\/afriquecreative.fr\\\/wp-content\\\/uploads\\\/2021\\\/02\\\/arton168-scaled.jpg\",\"keywords\":[\"2019\"],\"articleSection\":[\"Actualit\u00e9s\",\"Appel 2019\"],\"inLanguage\":\"en-GB\"},{\"@type\":\"WebPage\",\"@id\":\"https:\\\/\\\/afriquecreative.fr\\\/les-entrepreneurs-face-a-leurs\\\/\",\"url\":\"https:\\\/\\\/afriquecreative.fr\\\/les-entrepreneurs-face-a-leurs\\\/\",\"name\":\"Les entrepreneurs face \u00e0 leurs nouveaux d\u00e9fis - Afrique cr\u00e9ative\",\"isPartOf\":{\"@id\":\"http:\\\/\\\/afriquecreative.fr\\\/#website\"},\"primaryImageOfPage\":{\"@id\":\"https:\\\/\\\/afriquecreative.fr\\\/les-entrepreneurs-face-a-leurs\\\/#primaryimage\"},\"image\":{\"@id\":\"https:\\\/\\\/afriquecreative.fr\\\/les-entrepreneurs-face-a-leurs\\\/#primaryimage\"},\"thumbnailUrl\":\"https:\\\/\\\/afriquecreative.fr\\\/wp-content\\\/uploads\\\/2021\\\/02\\\/arton168-scaled.jpg\",\"datePublished\":\"2021-02-22T10:21:24+00:00\",\"dateModified\":\"2021-05-03T13:52:19+00:00\",\"breadcrumb\":{\"@id\":\"https:\\\/\\\/afriquecreative.fr\\\/les-entrepreneurs-face-a-leurs\\\/#breadcrumb\"},\"inLanguage\":\"en-GB\",\"potentialAction\":[{\"@type\":\"ReadAction\",\"target\":[\"https:\\\/\\\/afriquecreative.fr\\\/les-entrepreneurs-face-a-leurs\\\/\"]}]},{\"@type\":\"ImageObject\",\"inLanguage\":\"en-GB\",\"@id\":\"https:\\\/\\\/afriquecreative.fr\\\/les-entrepreneurs-face-a-leurs\\\/#primaryimage\",\"url\":\"https:\\\/\\\/afriquecreative.fr\\\/wp-content\\\/uploads\\\/2021\\\/02\\\/arton168-scaled.jpg\",\"contentUrl\":\"https:\\\/\\\/afriquecreative.fr\\\/wp-content\\\/uploads\\\/2021\\\/02\\\/arton168-scaled.jpg\",\"width\":1707,\"height\":2560},{\"@type\":\"BreadcrumbList\",\"@id\":\"https:\\\/\\\/afriquecreative.fr\\\/les-entrepreneurs-face-a-leurs\\\/#breadcrumb\",\"itemListElement\":[{\"@type\":\"ListItem\",\"position\":1,\"name\":\"Accueil\",\"item\":\"http:\\\/\\\/afriquecreative.fr\\\/\"},{\"@type\":\"ListItem\",\"position\":2,\"name\":\"Les entrepreneurs face \u00e0 leurs nouveaux d\u00e9fis\"}]},{\"@type\":\"WebSite\",\"@id\":\"http:\\\/\\\/afriquecreative.fr\\\/#website\",\"url\":\"http:\\\/\\\/afriquecreative.fr\\\/\",\"name\":\"Afrique cr\u00e9ative\",\"description\":\"Partenaire de talents\",\"publisher\":{\"@id\":\"http:\\\/\\\/afriquecreative.fr\\\/#organization\"},\"potentialAction\":[{\"@type\":\"SearchAction\",\"target\":{\"@type\":\"EntryPoint\",\"urlTemplate\":\"http:\\\/\\\/afriquecreative.fr\\\/?s={search_term_string}\"},\"query-input\":{\"@type\":\"PropertyValueSpecification\",\"valueRequired\":true,\"valueName\":\"search_term_string\"}}],\"inLanguage\":\"en-GB\"},{\"@type\":\"Organization\",\"@id\":\"http:\\\/\\\/afriquecreative.fr\\\/#organization\",\"name\":\"Afrique Cr\u00e9ative\",\"url\":\"http:\\\/\\\/afriquecreative.fr\\\/\",\"logo\":{\"@type\":\"ImageObject\",\"inLanguage\":\"en-GB\",\"@id\":\"http:\\\/\\\/afriquecreative.fr\\\/#\\\/schema\\\/logo\\\/image\\\/\",\"url\":\"https:\\\/\\\/afriquecreative.fr\\\/wp-content\\\/uploads\\\/2021\\\/04\\\/logo-lg.svg\",\"contentUrl\":\"https:\\\/\\\/afriquecreative.fr\\\/wp-content\\\/uploads\\\/2021\\\/04\\\/logo-lg.svg\",\"width\":1,\"height\":1,\"caption\":\"Afrique Cr\u00e9ative\"},\"image\":{\"@id\":\"http:\\\/\\\/afriquecreative.fr\\\/#\\\/schema\\\/logo\\\/image\\\/\"},\"sameAs\":[\"https:\\\/\\\/www.facebook.com\\\/afriquecreative\\\/\",\"https:\\\/\\\/www.instagram.com\\\/afrique.creative\\\/?hl=en\"]},{\"@type\":\"Person\",\"@id\":\"http:\\\/\\\/afriquecreative.fr\\\/#\\\/schema\\\/person\\\/947368a1408af61ec528c7f96a1771a0\",\"name\":\"Africalia asbl\",\"image\":{\"@type\":\"ImageObject\",\"inLanguage\":\"en-GB\",\"@id\":\"https:\\\/\\\/secure.gravatar.com\\\/avatar\\\/1834c043fa4057630f98430888fadf5d2bed443c0bccb88881edc2173dfa1e36?s=96&d=mm&r=g\",\"url\":\"https:\\\/\\\/secure.gravatar.com\\\/avatar\\\/1834c043fa4057630f98430888fadf5d2bed443c0bccb88881edc2173dfa1e36?s=96&d=mm&r=g\",\"contentUrl\":\"https:\\\/\\\/secure.gravatar.com\\\/avatar\\\/1834c043fa4057630f98430888fadf5d2bed443c0bccb88881edc2173dfa1e36?s=96&d=mm&r=g\",\"caption\":\"Africalia asbl\"},\"sameAs\":[\"https:\\\/\\\/x.com\\\/Banlieues\"],\"url\":\"https:\\\/\\\/afriquecreative.fr\\\/en\\\/author\\\/paolo-zanicchiafricalia-be\\\/\"}]}<\/script>\n<!-- \/ Yoast SEO plugin. -->","yoast_head_json":{"title":"Entrepreneurs facing their new challenges - Creative Africa","robots":{"index":"index","follow":"follow","max-snippet":"max-snippet:-1","max-image-preview":"max-image-preview:large","max-video-preview":"max-video-preview:-1"},"canonical":"https:\/\/afriquecreative.fr\/en\/entrepreneurs-facing-their\/","og_locale":"en_GB","og_type":"article","og_title":"Les entrepreneurs face \u00e0 leurs nouveaux d\u00e9fis - Afrique cr\u00e9ative","og_description":"S\u2019internationaliser C\u2019est le grand d\u00e9fi des deux entrepreneurs Burkinab\u00e9. Leur e-boutique est pr\u00eate et leurs nouvelles collections sur pieds. Kaala et S\u00e9bastien Bazemo ne sont d\u00e9sormais plus que \u00e0 un click du succ\u00e8s international que m\u00e9ritent leurs produits et leurs savoir-faire. Dans quelques mois, le d\u00e9fi qu\u2019ils s\u2019\u00e9taient fix\u00e9s en d\u00e9but de programme sera relev\u00e9 [&hellip;]","og_url":"https:\/\/afriquecreative.fr\/en\/entrepreneurs-facing-their\/","og_site_name":"Afrique cr\u00e9ative","article_publisher":"https:\/\/www.facebook.com\/afriquecreative\/","article_published_time":"2021-02-22T10:21:24+00:00","article_modified_time":"2021-05-03T13:52:19+00:00","og_image":[{"width":1707,"height":2560,"url":"https:\/\/afriquecreative.fr\/wp-content\/uploads\/2021\/02\/arton168-scaled.jpg","type":"image\/jpeg"}],"author":"Africalia asbl","twitter_card":"summary_large_image","twitter_creator":"@Banlieues","twitter_misc":{"Written by":"Africalia asbl","Estimated reading time":"2 minutes"},"schema":{"@context":"https:\/\/schema.org","@graph":[{"@type":"Article","@id":"https:\/\/afriquecreative.fr\/les-entrepreneurs-face-a-leurs\/#article","isPartOf":{"@id":"https:\/\/afriquecreative.fr\/les-entrepreneurs-face-a-leurs\/"},"author":{"name":"Africalia asbl","@id":"http:\/\/afriquecreative.fr\/#\/schema\/person\/947368a1408af61ec528c7f96a1771a0"},"headline":"Les entrepreneurs face \u00e0 leurs nouveaux d\u00e9fis","datePublished":"2021-02-22T10:21:24+00:00","dateModified":"2021-05-03T13:52:19+00:00","mainEntityOfPage":{"@id":"https:\/\/afriquecreative.fr\/les-entrepreneurs-face-a-leurs\/"},"wordCount":370,"publisher":{"@id":"http:\/\/afriquecreative.fr\/#organization"},"image":{"@id":"https:\/\/afriquecreative.fr\/les-entrepreneurs-face-a-leurs\/#primaryimage"},"thumbnailUrl":"https:\/\/afriquecreative.fr\/wp-content\/uploads\/2021\/02\/arton168-scaled.jpg","keywords":["2019"],"articleSection":["Actualit\u00e9s","Appel 2019"],"inLanguage":"en-GB"},{"@type":"WebPage","@id":"https:\/\/afriquecreative.fr\/les-entrepreneurs-face-a-leurs\/","url":"https:\/\/afriquecreative.fr\/les-entrepreneurs-face-a-leurs\/","name":"Entrepreneurs facing their new challenges - Creative Africa","isPartOf":{"@id":"http:\/\/afriquecreative.fr\/#website"},"primaryImageOfPage":{"@id":"https:\/\/afriquecreative.fr\/les-entrepreneurs-face-a-leurs\/#primaryimage"},"image":{"@id":"https:\/\/afriquecreative.fr\/les-entrepreneurs-face-a-leurs\/#primaryimage"},"thumbnailUrl":"https:\/\/afriquecreative.fr\/wp-content\/uploads\/2021\/02\/arton168-scaled.jpg","datePublished":"2021-02-22T10:21:24+00:00","dateModified":"2021-05-03T13:52:19+00:00","breadcrumb":{"@id":"https:\/\/afriquecreative.fr\/les-entrepreneurs-face-a-leurs\/#breadcrumb"},"inLanguage":"en-GB","potentialAction":[{"@type":"ReadAction","target":["https:\/\/afriquecreative.fr\/les-entrepreneurs-face-a-leurs\/"]}]},{"@type":"ImageObject","inLanguage":"en-GB","@id":"https:\/\/afriquecreative.fr\/les-entrepreneurs-face-a-leurs\/#primaryimage","url":"https:\/\/afriquecreative.fr\/wp-content\/uploads\/2021\/02\/arton168-scaled.jpg","contentUrl":"https:\/\/afriquecreative.fr\/wp-content\/uploads\/2021\/02\/arton168-scaled.jpg","width":1707,"height":2560},{"@type":"BreadcrumbList","@id":"https:\/\/afriquecreative.fr\/les-entrepreneurs-face-a-leurs\/#breadcrumb","itemListElement":[{"@type":"ListItem","position":1,"name":"Accueil","item":"http:\/\/afriquecreative.fr\/"},{"@type":"ListItem","position":2,"name":"Les entrepreneurs face \u00e0 leurs nouveaux d\u00e9fis"}]},{"@type":"WebSite","@id":"http:\/\/afriquecreative.fr\/#website","url":"http:\/\/afriquecreative.fr\/","name":"Creative Africa","description":"Talent Partner","publisher":{"@id":"http:\/\/afriquecreative.fr\/#organization"},"potentialAction":[{"@type":"SearchAction","target":{"@type":"EntryPoint","urlTemplate":"http:\/\/afriquecreative.fr\/?s={search_term_string}"},"query-input":{"@type":"PropertyValueSpecification","valueRequired":true,"valueName":"search_term_string"}}],"inLanguage":"en-GB"},{"@type":"Organization","@id":"http:\/\/afriquecreative.fr\/#organization","name":"Creative Africa","url":"http:\/\/afriquecreative.fr\/","logo":{"@type":"ImageObject","inLanguage":"en-GB","@id":"http:\/\/afriquecreative.fr\/#\/schema\/logo\/image\/","url":"https:\/\/afriquecreative.fr\/wp-content\/uploads\/2021\/04\/logo-lg.svg","contentUrl":"https:\/\/afriquecreative.fr\/wp-content\/uploads\/2021\/04\/logo-lg.svg","width":1,"height":1,"caption":"Afrique Cr\u00e9ative"},"image":{"@id":"http:\/\/afriquecreative.fr\/#\/schema\/logo\/image\/"},"sameAs":["https:\/\/www.facebook.com\/afriquecreative\/","https:\/\/www.instagram.com\/afrique.creative\/?hl=en"]},{"@type":"Person","@id":"http:\/\/afriquecreative.fr\/#\/schema\/person\/947368a1408af61ec528c7f96a1771a0","name":"Africalia asbl","image":{"@type":"ImageObject","inLanguage":"en-GB","@id":"https:\/\/secure.gravatar.com\/avatar\/1834c043fa4057630f98430888fadf5d2bed443c0bccb88881edc2173dfa1e36?s=96&d=mm&r=g","url":"https:\/\/secure.gravatar.com\/avatar\/1834c043fa4057630f98430888fadf5d2bed443c0bccb88881edc2173dfa1e36?s=96&d=mm&r=g","contentUrl":"https:\/\/secure.gravatar.com\/avatar\/1834c043fa4057630f98430888fadf5d2bed443c0bccb88881edc2173dfa1e36?s=96&d=mm&r=g","caption":"Africalia asbl"},"sameAs":["https:\/\/x.com\/Banlieues"],"url":"https:\/\/afriquecreative.fr\/en\/author\/paolo-zanicchiafricalia-be\/"}]}},"_links":{"self":[{"href":"https:\/\/afriquecreative.fr\/en\/wp-json\/wp\/v2\/posts\/168","targetHints":{"allow":["GET"]}}],"collection":[{"href":"https:\/\/afriquecreative.fr\/en\/wp-json\/wp\/v2\/posts"}],"about":[{"href":"https:\/\/afriquecreative.fr\/en\/wp-json\/wp\/v2\/types\/post"}],"author":[{"embeddable":true,"href":"https:\/\/afriquecreative.fr\/en\/wp-json\/wp\/v2\/users\/6"}],"replies":[{"embeddable":true,"href":"https:\/\/afriquecreative.fr\/en\/wp-json\/wp\/v2\/comments?post=168"}],"version-history":[{"count":0,"href":"https:\/\/afriquecreative.fr\/en\/wp-json\/wp\/v2\/posts\/168\/revisions"}],"wp:featuredmedia":[{"embeddable":true,"href":"https:\/\/afriquecreative.fr\/en\/wp-json\/wp\/v2\/media\/1263"}],"wp:attachment":[{"href":"https:\/\/afriquecreative.fr\/en\/wp-json\/wp\/v2\/media?parent=168"}],"wp:term":[{"taxonomy":"category","embeddable":true,"href":"https:\/\/afriquecreative.fr\/en\/wp-json\/wp\/v2\/categories?post=168"},{"taxonomy":"post_tag","embeddable":true,"href":"https:\/\/afriquecreative.fr\/en\/wp-json\/wp\/v2\/tags?post=168"}],"curies":[{"name":"wp","href":"https:\/\/api.w.org\/{rel}","templated":true}]}}