{"id":2904,"date":"2021-05-04T06:53:46","date_gmt":"2021-05-04T06:53:46","guid":{"rendered":"https:\/\/afriquecreative.fr\/?p=2904"},"modified":"2021-05-04T06:53:47","modified_gmt":"2021-05-04T06:53:47","slug":"creative-africa-2021-in-partnership-with-sae","status":"publish","type":"post","link":"https:\/\/afriquecreative.fr\/en\/afrique-creative-2021-en-partenariat-avec-des-sae\/","title":{"rendered":"Afrique Cr\u00e9ative 2021, in partnership with SAEs"},"content":{"rendered":"<p><strong>Creative Africa<\/strong> surrounds itself with the expertise of <strong>Entrepreneurship Support Structures (SAE)<\/strong> able to support the acceleration of cultural and creative businesses in the 9 target countries of the program.<\/p>\n\n\n\n<p>The incubators will support the selected companies (pre-incubation phase and incubation phase) and will support them in refining and implementing the strategy developed in their acceleration project. <strong>This support is completely tailor-made and adapted to the needs of entrepreneurs.<\/strong><\/p>\n\n\n\n<p>The partner incubators for the second edition of Afrique Cr\u00e9ative are:<\/p>\n\n\n\n<ul class=\"wp-block-list\"><li><strong>Burkina Faso: <\/strong><\/li><\/ul>\n\n\n\n<div class=\"wp-block-image is-style-default\"><figure class=\"aligncenter size-large is-resized\"><a href=\"https:\/\/www.lafabrique-bf.com\/ \"><img fetchpriority=\"high\" decoding=\"async\" src=\"https:\/\/afriquecreative.fr\/wp-content\/uploads\/2021\/05\/Logo_final_carre.jpg\" alt=\"\" class=\"wp-image-2910\" width=\"226\" height=\"225\" srcset=\"https:\/\/afriquecreative.fr\/wp-content\/uploads\/2021\/05\/Logo_final_carre.jpg 788w, https:\/\/afriquecreative.fr\/wp-content\/uploads\/2021\/05\/Logo_final_carre-300x300.jpg 300w, https:\/\/afriquecreative.fr\/wp-content\/uploads\/2021\/05\/Logo_final_carre-150x150.jpg 150w, https:\/\/afriquecreative.fr\/wp-content\/uploads\/2021\/05\/Logo_final_carre-768x765.jpg 768w\" sizes=\"(max-width: 226px) 100vw, 226px\" \/><\/a><\/figure><\/div>\n\n\n\n<p>Convinced that social entrepreneurship is an effective path to growth and development for Burkina Faso, La Fabrique has given itself the mission of identifying project leaders and co-building with them sustainable businesses with a strong impact on the society and\/or the environment.<\/p>\n\n\n\n<ul class=\"wp-block-list\"><li><strong>Cameroon <\/strong>:<\/li><\/ul>\n\n\n\n<div class=\"wp-block-image\"><figure class=\"aligncenter size-large is-resized\"><a href=\"https:\/\/www.activspaces.com\/ \"><img decoding=\"async\" src=\"https:\/\/afriquecreative.fr\/wp-content\/uploads\/2021\/05\/Logo-ActivSpaces-01.png\" alt=\"\" class=\"wp-image-2912\" width=\"400\" height=\"188\" srcset=\"https:\/\/afriquecreative.fr\/wp-content\/uploads\/2021\/05\/Logo-ActivSpaces-01.png 800w, https:\/\/afriquecreative.fr\/wp-content\/uploads\/2021\/05\/Logo-ActivSpaces-01-300x141.png 300w, https:\/\/afriquecreative.fr\/wp-content\/uploads\/2021\/05\/Logo-ActivSpaces-01-768x361.png 768w\" sizes=\"(max-width: 400px) 100vw, 400px\" \/><\/a><\/figure><\/div>\n\n\n\n<p>ActivSpaces (African Center for technology and Innovation Ventures) Spaces, is a unique community\/collaboration space in Cameroon for startups, freelancers, designers, entrepreneurs and independent thinkers. ActivSpaces not only offers an ideal workspace but also opportunities to interact with other like-minded people. ActivSpaces helps entrepreneurs turn their ideas into sustainable businesses.<\/p>\n\n\n\n<ul class=\"wp-block-list\"><li><strong>Ivory Coast : <\/strong><\/li><\/ul>\n\n\n\n<div class=\"wp-block-image\"><figure class=\"aligncenter size-large is-resized\"><a href=\"https:\/\/abidjan.impacthub.net\/ \"><img decoding=\"async\" src=\"https:\/\/afriquecreative.fr\/wp-content\/uploads\/2021\/05\/Impact-Hub_Logo.jpg\" alt=\"\" class=\"wp-image-2915\" width=\"350\" height=\"151\" srcset=\"https:\/\/afriquecreative.fr\/wp-content\/uploads\/2021\/05\/Impact-Hub_Logo.jpg 760w, https:\/\/afriquecreative.fr\/wp-content\/uploads\/2021\/05\/Impact-Hub_Logo-300x129.jpg 300w\" sizes=\"(max-width: 350px) 100vw, 350px\" \/><\/a><\/figure><\/div>\n\n\n\n<p>Impact Hub Abidjan is a startup incubator and accelerator that was founded in 2019 with the support of the Dutch Good Growth Fund (DGGF). Impact Hub Abidjan aims to strengthen the Ivorian entrepreneurial ecosystem in order to help start-ups and SMEs led by young people and women to develop.<\/p>\n\n\n\n<ul class=\"wp-block-list\"><li><strong>Ghana: <\/strong><\/li><\/ul>\n\n\n\n<div class=\"wp-block-image\"><figure class=\"aligncenter size-large is-resized\"><a href=\"https:\/\/www.ispacegh.com\/ \"><img loading=\"lazy\" decoding=\"async\" src=\"https:\/\/afriquecreative.fr\/wp-content\/uploads\/2021\/05\/ispace_logo-1024x273.png\" alt=\"\" class=\"wp-image-2916\" width=\"446\" height=\"119\" srcset=\"https:\/\/afriquecreative.fr\/wp-content\/uploads\/2021\/05\/ispace_logo-1024x273.png 1024w, https:\/\/afriquecreative.fr\/wp-content\/uploads\/2021\/05\/ispace_logo-300x80.png 300w, https:\/\/afriquecreative.fr\/wp-content\/uploads\/2021\/05\/ispace_logo-768x205.png 768w, https:\/\/afriquecreative.fr\/wp-content\/uploads\/2021\/05\/ispace_logo.png 1200w\" sizes=\"(max-width: 446px) 100vw, 446px\" \/><\/a><\/figure><\/div>\n\n\n\n<p>iSpace Foundation is an innovation and technology center in Accra, Ghana, founded in February 2013. iSpace is known for providing an enabling environment for growth in the startup ecosystem by providing workspace, training and mentoring, access to financing and other facilities for entrepreneurs and startups to launch and manage their business ideas<\/p>\n\n\n\n<ul class=\"wp-block-list\"><li><strong>Morocco : <\/strong><\/li><\/ul>\n\n\n\n<div class=\"wp-block-image\"><figure class=\"aligncenter size-large is-resized\"><a href=\"https:\/\/www.bidaya.io\/ \"><img loading=\"lazy\" decoding=\"async\" src=\"https:\/\/afriquecreative.fr\/wp-content\/uploads\/2021\/05\/Logo-noir.png\" alt=\"\" class=\"wp-image-2917\" width=\"262\" height=\"252\" srcset=\"https:\/\/afriquecreative.fr\/wp-content\/uploads\/2021\/05\/Logo-noir.png 458w, https:\/\/afriquecreative.fr\/wp-content\/uploads\/2021\/05\/Logo-noir-300x289.png 300w\" sizes=\"(max-width: 262px) 100vw, 262px\" \/><\/a><\/figure><\/div>\n\n\n\n<p>A specialist in seed startups and social, environmental and technological innovation, Bidaya (Social Green Tech) supports entrepreneurs in the elaboration and development of their high-impact projects Bidaya has proven expertise in selection and support for innovative and growing projects.<\/p>\n\n\n\n<ul class=\"wp-block-list\"><li><strong>Uganda: <\/strong><\/li><\/ul>\n\n\n\n<div class=\"wp-block-image\"><figure class=\"aligncenter size-large is-resized\"><a href=\"https:\/\/innovationvillage.co.ug\/ \"><img loading=\"lazy\" decoding=\"async\" src=\"https:\/\/afriquecreative.fr\/wp-content\/uploads\/2021\/05\/Official-Logo-Latest-_Page_1-1024x619.jpg\" alt=\"\" class=\"wp-image-2918\" width=\"406\" height=\"246\" srcset=\"https:\/\/afriquecreative.fr\/wp-content\/uploads\/2021\/05\/Official-Logo-Latest-_Page_1-1024x619.jpg 1024w, https:\/\/afriquecreative.fr\/wp-content\/uploads\/2021\/05\/Official-Logo-Latest-_Page_1-300x181.jpg 300w, https:\/\/afriquecreative.fr\/wp-content\/uploads\/2021\/05\/Official-Logo-Latest-_Page_1-768x465.jpg 768w, https:\/\/afriquecreative.fr\/wp-content\/uploads\/2021\/05\/Official-Logo-Latest-_Page_1-1536x929.jpg 1536w, https:\/\/afriquecreative.fr\/wp-content\/uploads\/2021\/05\/Official-Logo-Latest-_Page_1-2048x1239.jpg 2048w\" sizes=\"(max-width: 406px) 100vw, 406px\" \/><\/a><\/figure><\/div>\n\n\n\n<p>The Innovation Village supports innovators, entrepreneurs, startups and businesses focused on economic and social transformation and seeks to make entrepreneurship a visible driver of growth. The Innovation Village is building Uganda&#039;s innovation ecosystem to be a catalyst for job creation across Africa by removing barriers and creating a path for entrepreneurs to grow their businesses.<\/p>\n\n\n\n<ul class=\"wp-block-list\"><li><strong>Democratic Republic of Congo :<\/strong><\/li><\/ul>\n\n\n\n<div class=\"wp-block-image\"><figure class=\"aligncenter size-large is-resized\"><a href=\"https:\/\/kobo-hub.com\/ \"><img loading=\"lazy\" decoding=\"async\" src=\"https:\/\/afriquecreative.fr\/wp-content\/uploads\/2021\/05\/KH-LOGO-noir-1024x830.png\" alt=\"\" class=\"wp-image-2919\" width=\"226\" height=\"183\" srcset=\"https:\/\/afriquecreative.fr\/wp-content\/uploads\/2021\/05\/KH-LOGO-noir-1024x830.png 1024w, https:\/\/afriquecreative.fr\/wp-content\/uploads\/2021\/05\/KH-LOGO-noir-300x243.png 300w, https:\/\/afriquecreative.fr\/wp-content\/uploads\/2021\/05\/KH-LOGO-noir-768x623.png 768w, https:\/\/afriquecreative.fr\/wp-content\/uploads\/2021\/05\/KH-LOGO-noir-1536x1245.png 1536w, https:\/\/afriquecreative.fr\/wp-content\/uploads\/2021\/05\/KH-LOGO-noir-2048x1661.png 2048w\" sizes=\"(max-width: 226px) 100vw, 226px\" \/><\/a><\/figure><\/div>\n\n\n\n<p>Kobo Hub is a Congolese platform dedicated to accelerating startups and young businesses in the Democratic Republic of Congo and participates in training and mentoring startups to help them grow. Kobo Hub supports project leaders by providing them with a network of multidisciplinary experts, access to the skills, resources and infrastructure essential to the success and growth of their projects.<\/p>\n\n\n\n<p><strong>Senegal:<\/strong><\/p>\n\n\n\n<div class=\"wp-block-image\"><figure class=\"aligncenter size-large is-resized\"><a href=\"http:\/\/www.concree.org\/ \"><img loading=\"lazy\" decoding=\"async\" src=\"https:\/\/afriquecreative.fr\/wp-content\/uploads\/2021\/05\/cc-logo-fullColor-small.png\" alt=\"\" class=\"wp-image-2920\" width=\"412\" height=\"65\" srcset=\"https:\/\/afriquecreative.fr\/wp-content\/uploads\/2021\/05\/cc-logo-fullColor-small.png 600w, https:\/\/afriquecreative.fr\/wp-content\/uploads\/2021\/05\/cc-logo-fullColor-small-300x48.png 300w\" sizes=\"(max-width: 412px) 100vw, 412px\" \/><\/a><\/figure><\/div>\n\n\n\n<p>CONCREE is an incubator specializing in the management and monitoring-evaluation of seed programs for SMEs and startups. Concree supports entrepreneurs from ideation to product market fit and combines incubation services with the development of digital technologies that make it possible to carry out support programs virtually and in person.<\/p>\n\n\n\n<ul class=\"wp-block-list\"><li><strong>Tunisia: <\/strong><\/li><\/ul>\n\n\n\n<div class=\"wp-block-image\"><figure class=\"aligncenter size-large is-resized\"><a href=\"https:\/\/www.labess.tn\/ \"><img loading=\"lazy\" decoding=\"async\" src=\"https:\/\/afriquecreative.fr\/wp-content\/uploads\/2021\/05\/logo-labess-mention-Groupe-sos.png\" alt=\"\" class=\"wp-image-2921\" width=\"232\" height=\"255\" srcset=\"https:\/\/afriquecreative.fr\/wp-content\/uploads\/2021\/05\/logo-labess-mention-Groupe-sos.png 862w, https:\/\/afriquecreative.fr\/wp-content\/uploads\/2021\/05\/logo-labess-mention-Groupe-sos-272x300.png 272w, https:\/\/afriquecreative.fr\/wp-content\/uploads\/2021\/05\/logo-labess-mention-Groupe-sos-768x848.png 768w\" sizes=\"(max-width: 232px) 100vw, 232px\" \/><\/a><\/figure><\/div>\n\n\n\n<p>The Social and Solidarity Economy Laboratory (Lab&#039;ess) is the first Tunisian incubator for projects with social and environmental impact. Lab&#039;ess aims to actively contribute to the sustainable development of social innovation actors to effectively respond to the socio-economic needs of the country.<\/p>\n\n\n\n<p>\u2014\u2014\u2014\u2014\u2014\u2014\u2014\u2014\u2014\u2013<\/p>\n\n\n\n<p>The call is open until <strong>May 23, 2021<\/strong> (included) !<\/p>\n\n\n\n<p><strong>To know more<\/strong>: <a href=\"https:\/\/afriquecreative.fr\/en\/africa-creative-talent-partner\/call-2021\/\">Call for applications 2021<\/a><\/p>\n\n\n\n<p><strong><a href=\"https:\/\/www.facebook.com\/afriquecreative\" target=\"_blank\" rel=\"noopener noreferrer nofollow\">Facebook&nbsp;<\/a><\/strong><\/p>\n\n\n\n<p><strong><a href=\"https:\/\/www.instagram.com\/afrique.creative\/\" target=\"_blank\" rel=\"noopener noreferrer nofollow\">Instagram<\/a>&nbsp;<\/strong><\/p>\n\n\n\n<p><strong>To contact us<\/strong>&nbsp;: afrique.creative@africalia.be<\/p>","protected":false},"excerpt":{"rendered":"<p>Afrique Cr\u00e9ative s\u2019entoure de l\u2019expertise de Structures d&#8217;Appui \u00e0 l&#8217;Entrepreneuriat (SAE) en capacit\u00e9 d\u2019accompagner l\u2019acc\u00e9l\u00e9ration d\u2019entreprises culturelles et cr\u00e9atives dans les 9 pays cibles du programme. Les incubateurs accompagneront les entreprises s\u00e9lectionn\u00e9es (phase de pr\u00e9-incubation et phase d\u2019incubation) et les appuieront \u00e0 affiner et mettre en \u0153uvre la strat\u00e9gie d\u00e9velopp\u00e9e dans leur projet d\u2019acc\u00e9l\u00e9ration. Cet [&hellip;]<\/p>\n","protected":false},"author":6,"featured_media":1436,"comment_status":"open","ping_status":"open","sticky":false,"template":"","format":"standard","meta":{"_acf_changed":false,"footnotes":""},"categories":[15,30],"tags":[102],"class_list":["post-2904","post","type-post","status-publish","format-standard","has-post-thumbnail","hentry","category-news","category-appel-a-candidatures-2021","tag-102"],"acf":[],"yoast_head":"<!-- This site is optimized with the Yoast SEO plugin v27.4 - https:\/\/yoast.com\/product\/yoast-seo-wordpress\/ -->\n<title>Afrique Cr\u00e9ative 2021, en partenariat avec des SAE - Afrique cr\u00e9ative<\/title>\n<meta name=\"description\" content=\"Afrique Cr\u00e9ative 2021 s&#039;entoure de l&#039;expertise d&#039;incubateurs d&#039;entreprises en capacit\u00e9 d\u2019accompagner l\u2019acc\u00e9l\u00e9ration d\u2019entreprises culturelles et cr\u00e9atives\" \/>\n<meta name=\"robots\" content=\"index, follow, max-snippet:-1, max-image-preview:large, max-video-preview:-1\" \/>\n<link rel=\"canonical\" href=\"https:\/\/afriquecreative.fr\/en\/creative-africa-2021-in-partnership-with-sae\/\" \/>\n<meta property=\"og:locale\" content=\"en_GB\" \/>\n<meta property=\"og:type\" content=\"article\" \/>\n<meta property=\"og:title\" content=\"Afrique Cr\u00e9ative 2021, en partenariat avec des SAE - Afrique cr\u00e9ative\" \/>\n<meta property=\"og:description\" content=\"Afrique Cr\u00e9ative 2021 s&#039;entoure de l&#039;expertise d&#039;incubateurs d&#039;entreprises en capacit\u00e9 d\u2019accompagner l\u2019acc\u00e9l\u00e9ration d\u2019entreprises culturelles et cr\u00e9atives\" \/>\n<meta property=\"og:url\" content=\"https:\/\/afriquecreative.fr\/en\/creative-africa-2021-in-partnership-with-sae\/\" \/>\n<meta property=\"og:site_name\" content=\"Afrique cr\u00e9ative\" \/>\n<meta property=\"article:publisher\" content=\"https:\/\/www.facebook.com\/afriquecreative\/\" \/>\n<meta property=\"article:published_time\" content=\"2021-05-04T06:53:46+00:00\" \/>\n<meta property=\"article:modified_time\" content=\"2021-05-04T06:53:47+00:00\" \/>\n<meta property=\"og:image\" content=\"https:\/\/afriquecreative.fr\/wp-content\/uploads\/2021\/04\/nesa-by-makers-736784-unsplash-2-scaled.jpg\" \/>\n\t<meta property=\"og:image:width\" content=\"2560\" \/>\n\t<meta property=\"og:image:height\" content=\"1707\" \/>\n\t<meta property=\"og:image:type\" content=\"image\/jpeg\" \/>\n<meta name=\"author\" content=\"Africalia asbl\" \/>\n<meta name=\"twitter:card\" content=\"summary_large_image\" \/>\n<meta name=\"twitter:creator\" content=\"@Banlieues\" \/>\n<meta name=\"twitter:label1\" content=\"Written by\" \/>\n\t<meta name=\"twitter:data1\" content=\"Africalia asbl\" \/>\n\t<meta name=\"twitter:label2\" content=\"Estimated reading time\" \/>\n\t<meta name=\"twitter:data2\" content=\"5 minutes\" \/>\n<script type=\"application\/ld+json\" class=\"yoast-schema-graph\">{\"@context\":\"https:\\\/\\\/schema.org\",\"@graph\":[{\"@type\":\"Article\",\"@id\":\"https:\\\/\\\/afriquecreative.fr\\\/afrique-creative-2021-en-partenariat-avec-des-sae\\\/#article\",\"isPartOf\":{\"@id\":\"https:\\\/\\\/afriquecreative.fr\\\/afrique-creative-2021-en-partenariat-avec-des-sae\\\/\"},\"author\":{\"name\":\"Africalia asbl\",\"@id\":\"http:\\\/\\\/afriquecreative.fr\\\/#\\\/schema\\\/person\\\/947368a1408af61ec528c7f96a1771a0\"},\"headline\":\"Afrique Cr\u00e9ative 2021, en partenariat avec des SAE\",\"datePublished\":\"2021-05-04T06:53:46+00:00\",\"dateModified\":\"2021-05-04T06:53:47+00:00\",\"mainEntityOfPage\":{\"@id\":\"https:\\\/\\\/afriquecreative.fr\\\/afrique-creative-2021-en-partenariat-avec-des-sae\\\/\"},\"wordCount\":726,\"commentCount\":0,\"publisher\":{\"@id\":\"http:\\\/\\\/afriquecreative.fr\\\/#organization\"},\"image\":{\"@id\":\"https:\\\/\\\/afriquecreative.fr\\\/afrique-creative-2021-en-partenariat-avec-des-sae\\\/#primaryimage\"},\"thumbnailUrl\":\"https:\\\/\\\/afriquecreative.fr\\\/wp-content\\\/uploads\\\/2021\\\/04\\\/nesa-by-makers-736784-unsplash-2-scaled.jpg\",\"keywords\":[\"2021\"],\"articleSection\":[\"Actualit\u00e9s\",\"Appel 2021\"],\"inLanguage\":\"en-GB\",\"potentialAction\":[{\"@type\":\"CommentAction\",\"name\":\"Comment\",\"target\":[\"https:\\\/\\\/afriquecreative.fr\\\/afrique-creative-2021-en-partenariat-avec-des-sae\\\/#respond\"]}]},{\"@type\":\"WebPage\",\"@id\":\"https:\\\/\\\/afriquecreative.fr\\\/afrique-creative-2021-en-partenariat-avec-des-sae\\\/\",\"url\":\"https:\\\/\\\/afriquecreative.fr\\\/afrique-creative-2021-en-partenariat-avec-des-sae\\\/\",\"name\":\"Afrique Cr\u00e9ative 2021, en partenariat avec des SAE - Afrique cr\u00e9ative\",\"isPartOf\":{\"@id\":\"http:\\\/\\\/afriquecreative.fr\\\/#website\"},\"primaryImageOfPage\":{\"@id\":\"https:\\\/\\\/afriquecreative.fr\\\/afrique-creative-2021-en-partenariat-avec-des-sae\\\/#primaryimage\"},\"image\":{\"@id\":\"https:\\\/\\\/afriquecreative.fr\\\/afrique-creative-2021-en-partenariat-avec-des-sae\\\/#primaryimage\"},\"thumbnailUrl\":\"https:\\\/\\\/afriquecreative.fr\\\/wp-content\\\/uploads\\\/2021\\\/04\\\/nesa-by-makers-736784-unsplash-2-scaled.jpg\",\"datePublished\":\"2021-05-04T06:53:46+00:00\",\"dateModified\":\"2021-05-04T06:53:47+00:00\",\"description\":\"Afrique Cr\u00e9ative 2021 s'entoure de l'expertise d'incubateurs d'entreprises en capacit\u00e9 d\u2019accompagner l\u2019acc\u00e9l\u00e9ration d\u2019entreprises culturelles et cr\u00e9atives\",\"breadcrumb\":{\"@id\":\"https:\\\/\\\/afriquecreative.fr\\\/afrique-creative-2021-en-partenariat-avec-des-sae\\\/#breadcrumb\"},\"inLanguage\":\"en-GB\",\"potentialAction\":[{\"@type\":\"ReadAction\",\"target\":[\"https:\\\/\\\/afriquecreative.fr\\\/afrique-creative-2021-en-partenariat-avec-des-sae\\\/\"]}]},{\"@type\":\"ImageObject\",\"inLanguage\":\"en-GB\",\"@id\":\"https:\\\/\\\/afriquecreative.fr\\\/afrique-creative-2021-en-partenariat-avec-des-sae\\\/#primaryimage\",\"url\":\"https:\\\/\\\/afriquecreative.fr\\\/wp-content\\\/uploads\\\/2021\\\/04\\\/nesa-by-makers-736784-unsplash-2-scaled.jpg\",\"contentUrl\":\"https:\\\/\\\/afriquecreative.fr\\\/wp-content\\\/uploads\\\/2021\\\/04\\\/nesa-by-makers-736784-unsplash-2-scaled.jpg\",\"width\":2560,\"height\":1707},{\"@type\":\"BreadcrumbList\",\"@id\":\"https:\\\/\\\/afriquecreative.fr\\\/afrique-creative-2021-en-partenariat-avec-des-sae\\\/#breadcrumb\",\"itemListElement\":[{\"@type\":\"ListItem\",\"position\":1,\"name\":\"Accueil\",\"item\":\"http:\\\/\\\/afriquecreative.fr\\\/\"},{\"@type\":\"ListItem\",\"position\":2,\"name\":\"Afrique Cr\u00e9ative 2021, en partenariat avec des SAE\"}]},{\"@type\":\"WebSite\",\"@id\":\"http:\\\/\\\/afriquecreative.fr\\\/#website\",\"url\":\"http:\\\/\\\/afriquecreative.fr\\\/\",\"name\":\"Afrique cr\u00e9ative\",\"description\":\"Partenaire de talents\",\"publisher\":{\"@id\":\"http:\\\/\\\/afriquecreative.fr\\\/#organization\"},\"potentialAction\":[{\"@type\":\"SearchAction\",\"target\":{\"@type\":\"EntryPoint\",\"urlTemplate\":\"http:\\\/\\\/afriquecreative.fr\\\/?s={search_term_string}\"},\"query-input\":{\"@type\":\"PropertyValueSpecification\",\"valueRequired\":true,\"valueName\":\"search_term_string\"}}],\"inLanguage\":\"en-GB\"},{\"@type\":\"Organization\",\"@id\":\"http:\\\/\\\/afriquecreative.fr\\\/#organization\",\"name\":\"Afrique Cr\u00e9ative\",\"url\":\"http:\\\/\\\/afriquecreative.fr\\\/\",\"logo\":{\"@type\":\"ImageObject\",\"inLanguage\":\"en-GB\",\"@id\":\"http:\\\/\\\/afriquecreative.fr\\\/#\\\/schema\\\/logo\\\/image\\\/\",\"url\":\"https:\\\/\\\/afriquecreative.fr\\\/wp-content\\\/uploads\\\/2021\\\/04\\\/logo-lg.svg\",\"contentUrl\":\"https:\\\/\\\/afriquecreative.fr\\\/wp-content\\\/uploads\\\/2021\\\/04\\\/logo-lg.svg\",\"width\":1,\"height\":1,\"caption\":\"Afrique Cr\u00e9ative\"},\"image\":{\"@id\":\"http:\\\/\\\/afriquecreative.fr\\\/#\\\/schema\\\/logo\\\/image\\\/\"},\"sameAs\":[\"https:\\\/\\\/www.facebook.com\\\/afriquecreative\\\/\",\"https:\\\/\\\/www.instagram.com\\\/afrique.creative\\\/?hl=en\"]},{\"@type\":\"Person\",\"@id\":\"http:\\\/\\\/afriquecreative.fr\\\/#\\\/schema\\\/person\\\/947368a1408af61ec528c7f96a1771a0\",\"name\":\"Africalia asbl\",\"image\":{\"@type\":\"ImageObject\",\"inLanguage\":\"en-GB\",\"@id\":\"https:\\\/\\\/secure.gravatar.com\\\/avatar\\\/1834c043fa4057630f98430888fadf5d2bed443c0bccb88881edc2173dfa1e36?s=96&d=mm&r=g\",\"url\":\"https:\\\/\\\/secure.gravatar.com\\\/avatar\\\/1834c043fa4057630f98430888fadf5d2bed443c0bccb88881edc2173dfa1e36?s=96&d=mm&r=g\",\"contentUrl\":\"https:\\\/\\\/secure.gravatar.com\\\/avatar\\\/1834c043fa4057630f98430888fadf5d2bed443c0bccb88881edc2173dfa1e36?s=96&d=mm&r=g\",\"caption\":\"Africalia asbl\"},\"sameAs\":[\"https:\\\/\\\/x.com\\\/Banlieues\"],\"url\":\"https:\\\/\\\/afriquecreative.fr\\\/en\\\/author\\\/paolo-zanicchiafricalia-be\\\/\"}]}<\/script>\n<!-- \/ Yoast SEO plugin. -->","yoast_head_json":{"title":"Creative Africa 2021, in partnership with SAEs - Creative Africa","description":"Afrique Cr\u00e9ative 2021 surrounds itself with the expertise of business incubators capable of supporting the acceleration of cultural and creative businesses","robots":{"index":"index","follow":"follow","max-snippet":"max-snippet:-1","max-image-preview":"max-image-preview:large","max-video-preview":"max-video-preview:-1"},"canonical":"https:\/\/afriquecreative.fr\/en\/creative-africa-2021-in-partnership-with-sae\/","og_locale":"en_GB","og_type":"article","og_title":"Afrique Cr\u00e9ative 2021, en partenariat avec des SAE - Afrique cr\u00e9ative","og_description":"Afrique Cr\u00e9ative 2021 s'entoure de l'expertise d'incubateurs d'entreprises en capacit\u00e9 d\u2019accompagner l\u2019acc\u00e9l\u00e9ration d\u2019entreprises culturelles et cr\u00e9atives","og_url":"https:\/\/afriquecreative.fr\/en\/creative-africa-2021-in-partnership-with-sae\/","og_site_name":"Afrique cr\u00e9ative","article_publisher":"https:\/\/www.facebook.com\/afriquecreative\/","article_published_time":"2021-05-04T06:53:46+00:00","article_modified_time":"2021-05-04T06:53:47+00:00","og_image":[{"width":2560,"height":1707,"url":"https:\/\/afriquecreative.fr\/wp-content\/uploads\/2021\/04\/nesa-by-makers-736784-unsplash-2-scaled.jpg","type":"image\/jpeg"}],"author":"Africalia asbl","twitter_card":"summary_large_image","twitter_creator":"@Banlieues","twitter_misc":{"Written by":"Africalia asbl","Estimated reading time":"5 minutes"},"schema":{"@context":"https:\/\/schema.org","@graph":[{"@type":"Article","@id":"https:\/\/afriquecreative.fr\/afrique-creative-2021-en-partenariat-avec-des-sae\/#article","isPartOf":{"@id":"https:\/\/afriquecreative.fr\/afrique-creative-2021-en-partenariat-avec-des-sae\/"},"author":{"name":"Africalia asbl","@id":"http:\/\/afriquecreative.fr\/#\/schema\/person\/947368a1408af61ec528c7f96a1771a0"},"headline":"Afrique Cr\u00e9ative 2021, en partenariat avec des SAE","datePublished":"2021-05-04T06:53:46+00:00","dateModified":"2021-05-04T06:53:47+00:00","mainEntityOfPage":{"@id":"https:\/\/afriquecreative.fr\/afrique-creative-2021-en-partenariat-avec-des-sae\/"},"wordCount":726,"commentCount":0,"publisher":{"@id":"http:\/\/afriquecreative.fr\/#organization"},"image":{"@id":"https:\/\/afriquecreative.fr\/afrique-creative-2021-en-partenariat-avec-des-sae\/#primaryimage"},"thumbnailUrl":"https:\/\/afriquecreative.fr\/wp-content\/uploads\/2021\/04\/nesa-by-makers-736784-unsplash-2-scaled.jpg","keywords":["2021"],"articleSection":["Actualit\u00e9s","Appel 2021"],"inLanguage":"en-GB","potentialAction":[{"@type":"CommentAction","name":"Comment","target":["https:\/\/afriquecreative.fr\/afrique-creative-2021-en-partenariat-avec-des-sae\/#respond"]}]},{"@type":"WebPage","@id":"https:\/\/afriquecreative.fr\/afrique-creative-2021-en-partenariat-avec-des-sae\/","url":"https:\/\/afriquecreative.fr\/afrique-creative-2021-en-partenariat-avec-des-sae\/","name":"Creative Africa 2021, in partnership with SAEs - Creative Africa","isPartOf":{"@id":"http:\/\/afriquecreative.fr\/#website"},"primaryImageOfPage":{"@id":"https:\/\/afriquecreative.fr\/afrique-creative-2021-en-partenariat-avec-des-sae\/#primaryimage"},"image":{"@id":"https:\/\/afriquecreative.fr\/afrique-creative-2021-en-partenariat-avec-des-sae\/#primaryimage"},"thumbnailUrl":"https:\/\/afriquecreative.fr\/wp-content\/uploads\/2021\/04\/nesa-by-makers-736784-unsplash-2-scaled.jpg","datePublished":"2021-05-04T06:53:46+00:00","dateModified":"2021-05-04T06:53:47+00:00","description":"Afrique Cr\u00e9ative 2021 surrounds itself with the expertise of business incubators capable of supporting the acceleration of cultural and creative businesses","breadcrumb":{"@id":"https:\/\/afriquecreative.fr\/afrique-creative-2021-en-partenariat-avec-des-sae\/#breadcrumb"},"inLanguage":"en-GB","potentialAction":[{"@type":"ReadAction","target":["https:\/\/afriquecreative.fr\/afrique-creative-2021-en-partenariat-avec-des-sae\/"]}]},{"@type":"ImageObject","inLanguage":"en-GB","@id":"https:\/\/afriquecreative.fr\/afrique-creative-2021-en-partenariat-avec-des-sae\/#primaryimage","url":"https:\/\/afriquecreative.fr\/wp-content\/uploads\/2021\/04\/nesa-by-makers-736784-unsplash-2-scaled.jpg","contentUrl":"https:\/\/afriquecreative.fr\/wp-content\/uploads\/2021\/04\/nesa-by-makers-736784-unsplash-2-scaled.jpg","width":2560,"height":1707},{"@type":"BreadcrumbList","@id":"https:\/\/afriquecreative.fr\/afrique-creative-2021-en-partenariat-avec-des-sae\/#breadcrumb","itemListElement":[{"@type":"ListItem","position":1,"name":"Accueil","item":"http:\/\/afriquecreative.fr\/"},{"@type":"ListItem","position":2,"name":"Afrique Cr\u00e9ative 2021, en partenariat avec des SAE"}]},{"@type":"WebSite","@id":"http:\/\/afriquecreative.fr\/#website","url":"http:\/\/afriquecreative.fr\/","name":"Creative Africa","description":"Talent Partner","publisher":{"@id":"http:\/\/afriquecreative.fr\/#organization"},"potentialAction":[{"@type":"SearchAction","target":{"@type":"EntryPoint","urlTemplate":"http:\/\/afriquecreative.fr\/?s={search_term_string}"},"query-input":{"@type":"PropertyValueSpecification","valueRequired":true,"valueName":"search_term_string"}}],"inLanguage":"en-GB"},{"@type":"Organization","@id":"http:\/\/afriquecreative.fr\/#organization","name":"Creative Africa","url":"http:\/\/afriquecreative.fr\/","logo":{"@type":"ImageObject","inLanguage":"en-GB","@id":"http:\/\/afriquecreative.fr\/#\/schema\/logo\/image\/","url":"https:\/\/afriquecreative.fr\/wp-content\/uploads\/2021\/04\/logo-lg.svg","contentUrl":"https:\/\/afriquecreative.fr\/wp-content\/uploads\/2021\/04\/logo-lg.svg","width":1,"height":1,"caption":"Afrique Cr\u00e9ative"},"image":{"@id":"http:\/\/afriquecreative.fr\/#\/schema\/logo\/image\/"},"sameAs":["https:\/\/www.facebook.com\/afriquecreative\/","https:\/\/www.instagram.com\/afrique.creative\/?hl=en"]},{"@type":"Person","@id":"http:\/\/afriquecreative.fr\/#\/schema\/person\/947368a1408af61ec528c7f96a1771a0","name":"Africalia asbl","image":{"@type":"ImageObject","inLanguage":"en-GB","@id":"https:\/\/secure.gravatar.com\/avatar\/1834c043fa4057630f98430888fadf5d2bed443c0bccb88881edc2173dfa1e36?s=96&d=mm&r=g","url":"https:\/\/secure.gravatar.com\/avatar\/1834c043fa4057630f98430888fadf5d2bed443c0bccb88881edc2173dfa1e36?s=96&d=mm&r=g","contentUrl":"https:\/\/secure.gravatar.com\/avatar\/1834c043fa4057630f98430888fadf5d2bed443c0bccb88881edc2173dfa1e36?s=96&d=mm&r=g","caption":"Africalia asbl"},"sameAs":["https:\/\/x.com\/Banlieues"],"url":"https:\/\/afriquecreative.fr\/en\/author\/paolo-zanicchiafricalia-be\/"}]}},"_links":{"self":[{"href":"https:\/\/afriquecreative.fr\/en\/wp-json\/wp\/v2\/posts\/2904","targetHints":{"allow":["GET"]}}],"collection":[{"href":"https:\/\/afriquecreative.fr\/en\/wp-json\/wp\/v2\/posts"}],"about":[{"href":"https:\/\/afriquecreative.fr\/en\/wp-json\/wp\/v2\/types\/post"}],"author":[{"embeddable":true,"href":"https:\/\/afriquecreative.fr\/en\/wp-json\/wp\/v2\/users\/6"}],"replies":[{"embeddable":true,"href":"https:\/\/afriquecreative.fr\/en\/wp-json\/wp\/v2\/comments?post=2904"}],"version-history":[{"count":0,"href":"https:\/\/afriquecreative.fr\/en\/wp-json\/wp\/v2\/posts\/2904\/revisions"}],"wp:featuredmedia":[{"embeddable":true,"href":"https:\/\/afriquecreative.fr\/en\/wp-json\/wp\/v2\/media\/1436"}],"wp:attachment":[{"href":"https:\/\/afriquecreative.fr\/en\/wp-json\/wp\/v2\/media?parent=2904"}],"wp:term":[{"taxonomy":"category","embeddable":true,"href":"https:\/\/afriquecreative.fr\/en\/wp-json\/wp\/v2\/categories?post=2904"},{"taxonomy":"post_tag","embeddable":true,"href":"https:\/\/afriquecreative.fr\/en\/wp-json\/wp\/v2\/tags?post=2904"}],"curies":[{"name":"wp","href":"https:\/\/api.w.org\/{rel}","templated":true}]}}