{"id":3126,"date":"2021-07-14T08:45:00","date_gmt":"2021-07-14T08:45:00","guid":{"rendered":"https:\/\/afriquecreative.fr\/?p=3126"},"modified":"2022-02-23T16:56:08","modified_gmt":"2022-02-23T16:56:08","slug":"africa-creative-edition-2-here-we-go","status":"publish","type":"post","link":"https:\/\/afriquecreative.fr\/en\/afrique-creative-edition-2-cest-parti\/","title":{"rendered":"Afrique Cr\u00e9ative Edition #2 here we go!"},"content":{"rendered":"<p>126 applications were received during the call for applications which lasted from 04\/19\/2021 to 05\/23\/2021. The eligible applications (82) were reread and rated by country by: the partner national incubator, an institutional representative (AFD, French embassy or IF), and a partner from the ICC or entrepreneurial ecosystem.<\/p>\n\n\n\n<p>The pre-selection committee, chaired by AFD, then validated, on the basis of the scores and comments given by the jurors,<strong> a list of 17 entrepreneurs selected for the pre-incubation phase<\/strong>.<\/p>\n\n\n\n<p><strong>Tuesday June 29<\/strong> took place online the meeting of<strong> launch of the pre-incubation phase of Afrique Cr\u00e9ative Edition #2<\/strong>. The 17 preselected candidates were able to meet and introduce themselves.<\/p>\n\n\n\n<p>This meeting marked the start of 12 weeks of pre-incubation. Candidates are supported by the partner incubators of this edition of the program to notably:<\/p>\n\n\n\n<ul class=\"wp-block-list\"><li>(Re)structure their economic models<\/li><li>Establish their scaling strategy and define their acceleration objectives<\/li><li>Rework their acceleration project and the funding request submitted to Afrique Cr\u00e9ative<\/li><li>Work on financial projections related to this acceleration project<\/li><li>Prepare to pitch their acceleration project to the final jury<\/li><\/ul>\n\n\n\n<p>Here is a brief overview of the shortlisted companies&nbsp;<\/p>\n\n\n\n<p><strong>Burkina Faso:<\/strong><\/p>\n\n\n\n<p><strong>Pilumpiku production<\/strong>&nbsp;: <em>Pilumpiku Production has been based in Ouagadougou, Burkina Faso, since January 2011. It covers the fields of documentary and fiction film production, executive production of audiovisual projects, as well as the organization of training courses in writing and to production.<\/em><\/p>\n\n\n\n<p><strong>Biibop&nbsp;<\/strong>: <em>BiiBop is a Burkinab\u00e8 social enterprise for the design and artisanal production of educational games and toys. She designs and manufactures educational games and toys for children aged 0 to 6.<\/em> <em>The BiiBop project is built on the idea of bringing together craftsmen (woodworking, painting, drawing, textile work) and a creative team to think and design products that meet a qualitative charter adapted to the needs of children and early childhood professionals.<\/em><\/p>\n\n\n\n<p><strong>Cameroon:<\/strong><\/p>\n\n\n\n<p><strong>We tell africa group<\/strong><em>&nbsp;: Afrika Lyrics (published by We Tell Africa) is a distribution platform for lyrics and translations of African songs. The site afrikalyrics.com was founded in November 2017 with the mission of responding to the problem of the scarcity and poor quality of African song lyrics on the internet. AfrikaLyrics covers 10 African countries and intends to expand to more countries.<\/em><\/p>\n\n\n\n<p><strong>Ets color technology<\/strong><em>&nbsp;: Platform (web and mobile) for the discovery, streaming (Music, Podcast &amp; videos) and promotion of African music.<\/em><\/p>\n\n\n\n<p><strong>Ivory Coast<\/strong><\/p>\n\n\n\n<p><strong>Dycoco: <\/strong><em>Dycoco Comedy Club aims to create the first professional comedian scene in West Africa. Dycoco supports and trains a collective of young comedians all year round and gives everyone access to a daily platform for cultural expression.<\/em><\/p>\n\n\n\n<p><em><strong>Ghana,<\/strong><br><br><\/em><strong>Foundation for contemporary art-ghana<\/strong><em>&nbsp;: FCA \u2013 Ghana is an active network of Accra-based artists established in 2004 to provide a platform for the critical presentation, development and promotion of contemporary art in Ghana. Accra City Maker-lab will be a \u201cmobile\u201d manufacturing lab built from shipping containers and stationed for one year each in three different communities in the city of Accra over a three-year period.<\/em><\/p>\n\n\n\n<p><strong>Safi label<\/strong>&nbsp;: <em>a sustainable fashion brand that promotes minimalism and conscious living by favoring sustainable materials such as organically tanned leathers and fashion waste<\/em><\/p>\n\n\n\n<p><strong>Morocco,<\/strong><\/p>\n\n\n\n<p><strong>Dar islie<\/strong>&nbsp;: <em>Dar Islie&#039;s mission is to perpetuate and safeguard ancestral artisanal know-how. The Dar Islie project is a publishing house for objects designed and produced between African artisans and international designers. On a high-end\/luxury positioning, in an approach to promote know-how and low remuneration of partner artisans.<\/em><\/p>\n\n\n\n<p><strong>Palm grove software<\/strong>&nbsp;: an independent video game creation studio based in Casablanca since the end of 2011. The main project and current driving force is the Birdspotting game for Desktop\/console platforms, in collaboration with Joram Van Loenen, artistic director in the Netherlands, whose structure is Polynoise, founded in 2019.<\/p>\n\n\n\n<p><strong>Uganda,<\/strong><\/p>\n\n\n\n<p><strong>Quad-a records<\/strong>&nbsp;: <em>Quad-A Records \u00ae is an audio production company, based in Uganda, known for providing audio solutions for multiple industries. Quad-A Records&#039; mission is to restore the image of Africa through sound by providing high quality productions, training the next generation of sound engineers, developing new audio inventions and globally distributing new audio services.<\/em><\/p>\n\n\n\n<p><strong>East African records<\/strong>&nbsp;: <em>East African Records is a music distribution company that aims to bring East African music to the rest of the world. A distribution company based in Uganda that provides artists with the training needed to properly distribute their music to the world.<\/em><\/p>\n\n\n\n<p><strong>Democratic Republic of Congo,<\/strong><\/p>\n\n\n\n<p><strong>Jn design<\/strong>&nbsp;: <em>JN Design is a structure specializing in the creation, production and distribution of ready-to-wear and fashion accessories as well as the design and production of various decorative and furnishing objects with fabrics reminiscent of Africa.<\/em><\/p>\n\n\n\n<p><strong>Digital multimedia label <\/strong>: would like to create<em> a place, an incubator for creation, training and experimentation equipped with high-performance equipment to support training, creation and experimentation for artists, image and sound professionals as well as students using the media of image and sound.<\/em><\/p>\n\n\n\n<p><strong>Senegal,<\/strong><\/p>\n\n\n\n<p><strong>Deed development<\/strong>&nbsp;: <em>a culturally adapted and long-term music streaming service (DEEDO), available in 19 countries in West and Central Africa, 6 countries in Europe, the United States and Canada.<\/em><\/p>\n\n\n\n<p><strong>Studio djidjack music<\/strong>&nbsp;: <em>DJIDJACK Studios SAS is a company specializing in musical production, promotion, production and arrangement, as well as in events (show organization) and<\/em>t advertising (sound identity and design, original musical composition for products, brands and institutions)<\/p>\n\n\n\n<p><strong>Tunisia,<\/strong><\/p>\n\n\n\n<p><strong>Akacia productions<\/strong>&nbsp;: <em>Akacia Productions, based in Tunis, is a company that operates in the music sector. Promotes access to quality music through strengthening and promoting the visibility of players in the music sector in Tunisia and Africa, and strengthening and promoting the tangible and intangible heritage existing in Tunisia and Africa.<\/em><\/p>\n\n\n\n<p><strong>Morbiket<\/strong>&nbsp;: <em>a creative digital content creation studio which operates in the sector of children&#039;s book publishing, cartoon production and the development of educational games on mobile using augmented reality technology, targeting children.<\/em><\/p>\n\n\n\n<p><strong><u>Next step<\/u><\/strong>&nbsp;: <strong>entrepreneurs will present their project at the end of September 2021 before a final jury which will select the 8 best projects for the rest of the program.<\/strong><br><br>Thanks again to the candidates and the 9 partner incubators who will support them:<strong> <a href=\"https:\/\/www.bidaya.io\/\" target=\"_blank\" rel=\"noopener noreferrer nofollow\">Bidaya<\/a>, <a href=\"https:\/\/concree.com\/\" target=\"_blank\" rel=\"noopener noreferrer nofollow\">Concrete<\/a>, <a href=\"https:\/\/www.activspaces.com\/\" target=\"_blank\" rel=\"noopener noreferrer nofollow\">ActivSpaces<\/a>, <a href=\"https:\/\/www.ispacegh.com\/\" target=\"_blank\" rel=\"noopener noreferrer nofollow\">Ispace<\/a>, <a href=\"https:\/\/innovationvillage.co.ug\/\" target=\"_blank\" rel=\"noopener noreferrer nofollow\">The Innovation Village<\/a>, <a href=\"https:\/\/kobo-hub.com\/\" target=\"_blank\" rel=\"noopener noreferrer nofollow\">Kobo Hub<\/a>, <a href=\"https:\/\/abidjan.impacthub.net\/\" target=\"_blank\" rel=\"noopener noreferrer nofollow\">Impact Hub<\/a>, <a href=\"https:\/\/www.labess.tn\/\" target=\"_blank\" rel=\"noopener noreferrer nofollow\">Lab\u2019ess<\/a>, <a href=\"https:\/\/www.lafabrique-bf.com\/\" target=\"_blank\" rel=\"noopener noreferrer nofollow\">The fabric<\/a>&nbsp;!<\/strong><\/p>\n\n\n\n<p><strong>To know more:<\/strong> <a href=\"https:\/\/afriquecreative.fr\/en\/africa-creative-talent-partner\/accompaniment\/\">Support<\/a><\/p>\n\n\n\n<p><a href=\"https:\/\/www.facebook.com\/afriquecreative\" target=\"_blank\" rel=\"noopener noreferrer nofollow\">Facebook<\/a><\/p>\n\n\n\n<p><a href=\"https:\/\/www.instagram.com\/afrique.creative\/\" target=\"_blank\" rel=\"noopener noreferrer nofollow\">Instagram<\/a><\/p>\n\n\n\n<p><strong>To contact us :<\/strong> <a href=\"mailto:afrique.creative@africalia.be\">afrique.creative@africalia.be<\/a><\/p>","protected":false},"excerpt":{"rendered":"<p>126 dossiers ont \u00e9t\u00e9 re\u00e7us pendant l\u2019appel \u00e0 candidatures qui a dur\u00e9 du 19\/04\/2021 au 23\/05\/2021. Les candidatures \u00e9ligibles (82) ont \u00e9t\u00e9 relues et not\u00e9es par pays par&nbsp;: l\u2019incubateur national partenaire, un repr\u00e9sentant institutionnel (AFD, ambassade de France ou IF), et un partenaire de l\u2019\u00e9cosyst\u00e8me ICC ou entrepreneurial. Le comit\u00e9 de pr\u00e9-s\u00e9lection, pr\u00e9sid\u00e9 par l\u2019AFD [&hellip;]<\/p>\n","protected":false},"author":6,"featured_media":3134,"comment_status":"closed","ping_status":"closed","sticky":false,"template":"","format":"standard","meta":{"_acf_changed":false,"footnotes":""},"categories":[15,30],"tags":[102],"class_list":["post-3126","post","type-post","status-publish","format-standard","has-post-thumbnail","hentry","category-news","category-appel-a-candidatures-2021","tag-102"],"acf":[],"yoast_head":"<!-- This site is optimized with the Yoast SEO plugin v27.5 - https:\/\/yoast.com\/product\/yoast-seo-wordpress\/ -->\n<title>Afrique Cr\u00e9ative Edition #2 c\u2019est parti ! - Afrique cr\u00e9ative<\/title>\n<meta name=\"description\" content=\"Afrique Cr\u00e9ative 2021 - lancement de la phase de pr\u00e9-incubation\" \/>\n<meta name=\"robots\" content=\"index, follow, max-snippet:-1, max-image-preview:large, max-video-preview:-1\" \/>\n<link rel=\"canonical\" href=\"https:\/\/afriquecreative.fr\/en\/africa-creative-edition-2-here-we-go\/\" \/>\n<meta property=\"og:locale\" content=\"en_GB\" \/>\n<meta property=\"og:type\" content=\"article\" \/>\n<meta property=\"og:title\" content=\"Afrique Cr\u00e9ative Edition #2 c\u2019est parti ! - Afrique cr\u00e9ative\" \/>\n<meta property=\"og:description\" content=\"Afrique Cr\u00e9ative 2021 - lancement de la phase de pr\u00e9-incubation\" \/>\n<meta property=\"og:url\" content=\"https:\/\/afriquecreative.fr\/en\/africa-creative-edition-2-here-we-go\/\" \/>\n<meta property=\"og:site_name\" content=\"Afrique cr\u00e9ative\" \/>\n<meta property=\"article:publisher\" content=\"https:\/\/www.facebook.com\/afriquecreative\/\" \/>\n<meta property=\"article:published_time\" content=\"2021-07-14T08:45:00+00:00\" \/>\n<meta property=\"article:modified_time\" content=\"2022-02-23T16:56:08+00:00\" \/>\n<meta property=\"og:image\" content=\"https:\/\/afriquecreative.fr\/wp-content\/uploads\/2021\/07\/Visuels-Appel-a-Candidatures-9.png\" \/>\n\t<meta property=\"og:image:width\" content=\"940\" \/>\n\t<meta property=\"og:image:height\" content=\"788\" \/>\n\t<meta property=\"og:image:type\" content=\"image\/png\" \/>\n<meta name=\"author\" content=\"Africalia asbl\" \/>\n<meta name=\"twitter:card\" content=\"summary_large_image\" \/>\n<meta name=\"twitter:creator\" content=\"@Banlieues\" \/>\n<meta name=\"twitter:label1\" content=\"Written by\" \/>\n\t<meta name=\"twitter:data1\" content=\"Africalia asbl\" \/>\n\t<meta name=\"twitter:label2\" content=\"Estimated reading time\" \/>\n\t<meta name=\"twitter:data2\" content=\"6 minutes\" \/>\n<script type=\"application\/ld+json\" class=\"yoast-schema-graph\">{\"@context\":\"https:\\\/\\\/schema.org\",\"@graph\":[{\"@type\":\"Article\",\"@id\":\"https:\\\/\\\/afriquecreative.fr\\\/afrique-creative-edition-2-cest-parti\\\/#article\",\"isPartOf\":{\"@id\":\"https:\\\/\\\/afriquecreative.fr\\\/afrique-creative-edition-2-cest-parti\\\/\"},\"author\":{\"name\":\"Africalia asbl\",\"@id\":\"http:\\\/\\\/afriquecreative.fr\\\/#\\\/schema\\\/person\\\/947368a1408af61ec528c7f96a1771a0\"},\"headline\":\"Afrique Cr\u00e9ative Edition #2 c\u2019est parti !\",\"datePublished\":\"2021-07-14T08:45:00+00:00\",\"dateModified\":\"2022-02-23T16:56:08+00:00\",\"mainEntityOfPage\":{\"@id\":\"https:\\\/\\\/afriquecreative.fr\\\/afrique-creative-edition-2-cest-parti\\\/\"},\"wordCount\":1288,\"publisher\":{\"@id\":\"http:\\\/\\\/afriquecreative.fr\\\/#organization\"},\"image\":{\"@id\":\"https:\\\/\\\/afriquecreative.fr\\\/afrique-creative-edition-2-cest-parti\\\/#primaryimage\"},\"thumbnailUrl\":\"https:\\\/\\\/afriquecreative.fr\\\/wp-content\\\/uploads\\\/2021\\\/07\\\/Visuels-Appel-a-Candidatures-9.png\",\"keywords\":[\"2021\"],\"articleSection\":[\"Actualit\u00e9s\",\"Appel 2021\"],\"inLanguage\":\"en-GB\"},{\"@type\":\"WebPage\",\"@id\":\"https:\\\/\\\/afriquecreative.fr\\\/afrique-creative-edition-2-cest-parti\\\/\",\"url\":\"https:\\\/\\\/afriquecreative.fr\\\/afrique-creative-edition-2-cest-parti\\\/\",\"name\":\"Afrique Cr\u00e9ative Edition #2 c\u2019est parti ! - Afrique cr\u00e9ative\",\"isPartOf\":{\"@id\":\"http:\\\/\\\/afriquecreative.fr\\\/#website\"},\"primaryImageOfPage\":{\"@id\":\"https:\\\/\\\/afriquecreative.fr\\\/afrique-creative-edition-2-cest-parti\\\/#primaryimage\"},\"image\":{\"@id\":\"https:\\\/\\\/afriquecreative.fr\\\/afrique-creative-edition-2-cest-parti\\\/#primaryimage\"},\"thumbnailUrl\":\"https:\\\/\\\/afriquecreative.fr\\\/wp-content\\\/uploads\\\/2021\\\/07\\\/Visuels-Appel-a-Candidatures-9.png\",\"datePublished\":\"2021-07-14T08:45:00+00:00\",\"dateModified\":\"2022-02-23T16:56:08+00:00\",\"description\":\"Afrique Cr\u00e9ative 2021 - lancement de la phase de pr\u00e9-incubation\",\"breadcrumb\":{\"@id\":\"https:\\\/\\\/afriquecreative.fr\\\/afrique-creative-edition-2-cest-parti\\\/#breadcrumb\"},\"inLanguage\":\"en-GB\",\"potentialAction\":[{\"@type\":\"ReadAction\",\"target\":[\"https:\\\/\\\/afriquecreative.fr\\\/afrique-creative-edition-2-cest-parti\\\/\"]}]},{\"@type\":\"ImageObject\",\"inLanguage\":\"en-GB\",\"@id\":\"https:\\\/\\\/afriquecreative.fr\\\/afrique-creative-edition-2-cest-parti\\\/#primaryimage\",\"url\":\"https:\\\/\\\/afriquecreative.fr\\\/wp-content\\\/uploads\\\/2021\\\/07\\\/Visuels-Appel-a-Candidatures-9.png\",\"contentUrl\":\"https:\\\/\\\/afriquecreative.fr\\\/wp-content\\\/uploads\\\/2021\\\/07\\\/Visuels-Appel-a-Candidatures-9.png\",\"width\":940,\"height\":788},{\"@type\":\"BreadcrumbList\",\"@id\":\"https:\\\/\\\/afriquecreative.fr\\\/afrique-creative-edition-2-cest-parti\\\/#breadcrumb\",\"itemListElement\":[{\"@type\":\"ListItem\",\"position\":1,\"name\":\"Accueil\",\"item\":\"http:\\\/\\\/afriquecreative.fr\\\/\"},{\"@type\":\"ListItem\",\"position\":2,\"name\":\"Afrique Cr\u00e9ative Edition #2 c\u2019est parti !\"}]},{\"@type\":\"WebSite\",\"@id\":\"http:\\\/\\\/afriquecreative.fr\\\/#website\",\"url\":\"http:\\\/\\\/afriquecreative.fr\\\/\",\"name\":\"Afrique cr\u00e9ative\",\"description\":\"Partenaire de talents\",\"publisher\":{\"@id\":\"http:\\\/\\\/afriquecreative.fr\\\/#organization\"},\"potentialAction\":[{\"@type\":\"SearchAction\",\"target\":{\"@type\":\"EntryPoint\",\"urlTemplate\":\"http:\\\/\\\/afriquecreative.fr\\\/?s={search_term_string}\"},\"query-input\":{\"@type\":\"PropertyValueSpecification\",\"valueRequired\":true,\"valueName\":\"search_term_string\"}}],\"inLanguage\":\"en-GB\"},{\"@type\":\"Organization\",\"@id\":\"http:\\\/\\\/afriquecreative.fr\\\/#organization\",\"name\":\"Afrique Cr\u00e9ative\",\"url\":\"http:\\\/\\\/afriquecreative.fr\\\/\",\"logo\":{\"@type\":\"ImageObject\",\"inLanguage\":\"en-GB\",\"@id\":\"http:\\\/\\\/afriquecreative.fr\\\/#\\\/schema\\\/logo\\\/image\\\/\",\"url\":\"https:\\\/\\\/afriquecreative.fr\\\/wp-content\\\/uploads\\\/2021\\\/04\\\/logo-lg.svg\",\"contentUrl\":\"https:\\\/\\\/afriquecreative.fr\\\/wp-content\\\/uploads\\\/2021\\\/04\\\/logo-lg.svg\",\"width\":1,\"height\":1,\"caption\":\"Afrique Cr\u00e9ative\"},\"image\":{\"@id\":\"http:\\\/\\\/afriquecreative.fr\\\/#\\\/schema\\\/logo\\\/image\\\/\"},\"sameAs\":[\"https:\\\/\\\/www.facebook.com\\\/afriquecreative\\\/\",\"https:\\\/\\\/www.instagram.com\\\/afrique.creative\\\/?hl=en\"]},{\"@type\":\"Person\",\"@id\":\"http:\\\/\\\/afriquecreative.fr\\\/#\\\/schema\\\/person\\\/947368a1408af61ec528c7f96a1771a0\",\"name\":\"Africalia asbl\",\"image\":{\"@type\":\"ImageObject\",\"inLanguage\":\"en-GB\",\"@id\":\"https:\\\/\\\/secure.gravatar.com\\\/avatar\\\/1834c043fa4057630f98430888fadf5d2bed443c0bccb88881edc2173dfa1e36?s=96&d=mm&r=g\",\"url\":\"https:\\\/\\\/secure.gravatar.com\\\/avatar\\\/1834c043fa4057630f98430888fadf5d2bed443c0bccb88881edc2173dfa1e36?s=96&d=mm&r=g\",\"contentUrl\":\"https:\\\/\\\/secure.gravatar.com\\\/avatar\\\/1834c043fa4057630f98430888fadf5d2bed443c0bccb88881edc2173dfa1e36?s=96&d=mm&r=g\",\"caption\":\"Africalia asbl\"},\"sameAs\":[\"https:\\\/\\\/x.com\\\/Banlieues\"],\"url\":\"https:\\\/\\\/afriquecreative.fr\\\/en\\\/author\\\/paolo-zanicchiafricalia-be\\\/\"}]}<\/script>\n<!-- \/ Yoast SEO plugin. -->","yoast_head_json":{"title":"Afrique Cr\u00e9ative Edition #2 here we go! - Creative Africa","description":"Afrique Cr\u00e9ative 2021 - launch of the pre-incubation phase","robots":{"index":"index","follow":"follow","max-snippet":"max-snippet:-1","max-image-preview":"max-image-preview:large","max-video-preview":"max-video-preview:-1"},"canonical":"https:\/\/afriquecreative.fr\/en\/africa-creative-edition-2-here-we-go\/","og_locale":"en_GB","og_type":"article","og_title":"Afrique Cr\u00e9ative Edition #2 c\u2019est parti ! - Afrique cr\u00e9ative","og_description":"Afrique Cr\u00e9ative 2021 - lancement de la phase de pr\u00e9-incubation","og_url":"https:\/\/afriquecreative.fr\/en\/africa-creative-edition-2-here-we-go\/","og_site_name":"Afrique cr\u00e9ative","article_publisher":"https:\/\/www.facebook.com\/afriquecreative\/","article_published_time":"2021-07-14T08:45:00+00:00","article_modified_time":"2022-02-23T16:56:08+00:00","og_image":[{"width":940,"height":788,"url":"https:\/\/afriquecreative.fr\/wp-content\/uploads\/2021\/07\/Visuels-Appel-a-Candidatures-9.png","type":"image\/png"}],"author":"Africalia asbl","twitter_card":"summary_large_image","twitter_creator":"@Banlieues","twitter_misc":{"Written by":"Africalia asbl","Estimated reading time":"6 minutes"},"schema":{"@context":"https:\/\/schema.org","@graph":[{"@type":"Article","@id":"https:\/\/afriquecreative.fr\/afrique-creative-edition-2-cest-parti\/#article","isPartOf":{"@id":"https:\/\/afriquecreative.fr\/afrique-creative-edition-2-cest-parti\/"},"author":{"name":"Africalia asbl","@id":"http:\/\/afriquecreative.fr\/#\/schema\/person\/947368a1408af61ec528c7f96a1771a0"},"headline":"Afrique Cr\u00e9ative Edition #2 c\u2019est parti !","datePublished":"2021-07-14T08:45:00+00:00","dateModified":"2022-02-23T16:56:08+00:00","mainEntityOfPage":{"@id":"https:\/\/afriquecreative.fr\/afrique-creative-edition-2-cest-parti\/"},"wordCount":1288,"publisher":{"@id":"http:\/\/afriquecreative.fr\/#organization"},"image":{"@id":"https:\/\/afriquecreative.fr\/afrique-creative-edition-2-cest-parti\/#primaryimage"},"thumbnailUrl":"https:\/\/afriquecreative.fr\/wp-content\/uploads\/2021\/07\/Visuels-Appel-a-Candidatures-9.png","keywords":["2021"],"articleSection":["Actualit\u00e9s","Appel 2021"],"inLanguage":"en-GB"},{"@type":"WebPage","@id":"https:\/\/afriquecreative.fr\/afrique-creative-edition-2-cest-parti\/","url":"https:\/\/afriquecreative.fr\/afrique-creative-edition-2-cest-parti\/","name":"Afrique Cr\u00e9ative Edition #2 here we go! - Creative Africa","isPartOf":{"@id":"http:\/\/afriquecreative.fr\/#website"},"primaryImageOfPage":{"@id":"https:\/\/afriquecreative.fr\/afrique-creative-edition-2-cest-parti\/#primaryimage"},"image":{"@id":"https:\/\/afriquecreative.fr\/afrique-creative-edition-2-cest-parti\/#primaryimage"},"thumbnailUrl":"https:\/\/afriquecreative.fr\/wp-content\/uploads\/2021\/07\/Visuels-Appel-a-Candidatures-9.png","datePublished":"2021-07-14T08:45:00+00:00","dateModified":"2022-02-23T16:56:08+00:00","description":"Afrique Cr\u00e9ative 2021 - launch of the pre-incubation phase","breadcrumb":{"@id":"https:\/\/afriquecreative.fr\/afrique-creative-edition-2-cest-parti\/#breadcrumb"},"inLanguage":"en-GB","potentialAction":[{"@type":"ReadAction","target":["https:\/\/afriquecreative.fr\/afrique-creative-edition-2-cest-parti\/"]}]},{"@type":"ImageObject","inLanguage":"en-GB","@id":"https:\/\/afriquecreative.fr\/afrique-creative-edition-2-cest-parti\/#primaryimage","url":"https:\/\/afriquecreative.fr\/wp-content\/uploads\/2021\/07\/Visuels-Appel-a-Candidatures-9.png","contentUrl":"https:\/\/afriquecreative.fr\/wp-content\/uploads\/2021\/07\/Visuels-Appel-a-Candidatures-9.png","width":940,"height":788},{"@type":"BreadcrumbList","@id":"https:\/\/afriquecreative.fr\/afrique-creative-edition-2-cest-parti\/#breadcrumb","itemListElement":[{"@type":"ListItem","position":1,"name":"Accueil","item":"http:\/\/afriquecreative.fr\/"},{"@type":"ListItem","position":2,"name":"Afrique Cr\u00e9ative Edition #2 c\u2019est parti !"}]},{"@type":"WebSite","@id":"http:\/\/afriquecreative.fr\/#website","url":"http:\/\/afriquecreative.fr\/","name":"Creative Africa","description":"Talent Partner","publisher":{"@id":"http:\/\/afriquecreative.fr\/#organization"},"potentialAction":[{"@type":"SearchAction","target":{"@type":"EntryPoint","urlTemplate":"http:\/\/afriquecreative.fr\/?s={search_term_string}"},"query-input":{"@type":"PropertyValueSpecification","valueRequired":true,"valueName":"search_term_string"}}],"inLanguage":"en-GB"},{"@type":"Organization","@id":"http:\/\/afriquecreative.fr\/#organization","name":"Creative Africa","url":"http:\/\/afriquecreative.fr\/","logo":{"@type":"ImageObject","inLanguage":"en-GB","@id":"http:\/\/afriquecreative.fr\/#\/schema\/logo\/image\/","url":"https:\/\/afriquecreative.fr\/wp-content\/uploads\/2021\/04\/logo-lg.svg","contentUrl":"https:\/\/afriquecreative.fr\/wp-content\/uploads\/2021\/04\/logo-lg.svg","width":1,"height":1,"caption":"Afrique Cr\u00e9ative"},"image":{"@id":"http:\/\/afriquecreative.fr\/#\/schema\/logo\/image\/"},"sameAs":["https:\/\/www.facebook.com\/afriquecreative\/","https:\/\/www.instagram.com\/afrique.creative\/?hl=en"]},{"@type":"Person","@id":"http:\/\/afriquecreative.fr\/#\/schema\/person\/947368a1408af61ec528c7f96a1771a0","name":"Africalia asbl","image":{"@type":"ImageObject","inLanguage":"en-GB","@id":"https:\/\/secure.gravatar.com\/avatar\/1834c043fa4057630f98430888fadf5d2bed443c0bccb88881edc2173dfa1e36?s=96&d=mm&r=g","url":"https:\/\/secure.gravatar.com\/avatar\/1834c043fa4057630f98430888fadf5d2bed443c0bccb88881edc2173dfa1e36?s=96&d=mm&r=g","contentUrl":"https:\/\/secure.gravatar.com\/avatar\/1834c043fa4057630f98430888fadf5d2bed443c0bccb88881edc2173dfa1e36?s=96&d=mm&r=g","caption":"Africalia asbl"},"sameAs":["https:\/\/x.com\/Banlieues"],"url":"https:\/\/afriquecreative.fr\/en\/author\/paolo-zanicchiafricalia-be\/"}]}},"_links":{"self":[{"href":"https:\/\/afriquecreative.fr\/en\/wp-json\/wp\/v2\/posts\/3126","targetHints":{"allow":["GET"]}}],"collection":[{"href":"https:\/\/afriquecreative.fr\/en\/wp-json\/wp\/v2\/posts"}],"about":[{"href":"https:\/\/afriquecreative.fr\/en\/wp-json\/wp\/v2\/types\/post"}],"author":[{"embeddable":true,"href":"https:\/\/afriquecreative.fr\/en\/wp-json\/wp\/v2\/users\/6"}],"replies":[{"embeddable":true,"href":"https:\/\/afriquecreative.fr\/en\/wp-json\/wp\/v2\/comments?post=3126"}],"version-history":[{"count":0,"href":"https:\/\/afriquecreative.fr\/en\/wp-json\/wp\/v2\/posts\/3126\/revisions"}],"wp:featuredmedia":[{"embeddable":true,"href":"https:\/\/afriquecreative.fr\/en\/wp-json\/wp\/v2\/media\/3134"}],"wp:attachment":[{"href":"https:\/\/afriquecreative.fr\/en\/wp-json\/wp\/v2\/media?parent=3126"}],"wp:term":[{"taxonomy":"category","embeddable":true,"href":"https:\/\/afriquecreative.fr\/en\/wp-json\/wp\/v2\/categories?post=3126"},{"taxonomy":"post_tag","embeddable":true,"href":"https:\/\/afriquecreative.fr\/en\/wp-json\/wp\/v2\/tags?post=3126"}],"curies":[{"name":"wp","href":"https:\/\/api.w.org\/{rel}","templated":true}]}}